{"id":4732,"date":"2026-02-27T11:57:03","date_gmt":"2026-02-27T10:57:03","guid":{"rendered":"https:\/\/www.legourmeur.fr\/news\/?p=4732"},"modified":"2026-02-27T11:57:03","modified_gmt":"2026-02-27T10:57:03","slug":"plus-fondant-quun-flan-classique-ce-flan-patissier-a-la-pistache-seduit-deja-les-amateurs-de-desserts","status":"publish","type":"post","link":"https:\/\/www.legourmeur.fr\/news\/plus-fondant-quun-flan-classique-ce-flan-patissier-a-la-pistache-seduit-deja-les-amateurs-de-desserts\/","title":{"rendered":"Plus fondant qu\u2019un flan classique, ce flan p\u00e2tissier \u00e0 la pistache s\u00e9duit d\u00e9j\u00e0 les amateurs de desserts"},"content":{"rendered":"\n<h2 class=\"wp-block-heading\" id=\"h-une-texture-ultra-fondante-et-un-parfum-de-pistache-qui-transforment-un-simple-dessert-en-moment-d-exception\">Une texture ultra fondante et un parfum de pistache qui transforment un simple dessert en moment d\u2019exception<\/h2>\n\n\n\n<p>D\u00e8s la premi\u00e8re part, le charme op\u00e8re imm\u00e9diatement. En effet, la texture oscille entre la <strong>cr\u00e8me prise<\/strong> et le <strong>flan onctueux<\/strong>, tandis que le l\u00e9ger tremblement au centre promet une d\u00e9gustation infiniment douce. De plus, la p\u00e2te feuillet\u00e9e apporte une base croustillante qui contraste d\u00e9licatement avec le c\u0153ur velout\u00e9.<\/p>\n\n\n\n<p>Par ailleurs, la <strong>pistache<\/strong>, intense et naturellement parfum\u00e9e, apporte une <strong>profondeur rare en bouche<\/strong>. Gr\u00e2ce \u00e0 ses notes l\u00e9g\u00e8rement toast\u00e9es, elle sublime le lait et les \u0153ufs pour cr\u00e9er un \u00e9quilibre harmonieux. Ainsi, ce flan d\u00e9passe le simple dessert familial et devient, presque sans effort, une p\u00e2tisserie raffin\u00e9e et spectaculaire.<\/p>\n\n\n\n<h2 class=\"wp-block-heading\" id=\"h-les-ingredients-simples-qui-donnent-naissance-a-un-flan-patissier-cremeux-et-intensement-parfume-pour-8-personnes\">Les ingr\u00e9dients simples qui donnent naissance \u00e0 un flan p\u00e2tissier cr\u00e9meux et intens\u00e9ment parfum\u00e9 (pour 8 personnes)<\/h2>\n\n\n\n<!-- Recipe Info Box -->\n<style>\n.recipe-info-box{\n  border:1px solid #e5e5e5;\n  border-radius:14px;\n  padding:16px 20px;\n  background:#fafafa;\n  display:flex;\n  justify-content:space-between;\n  gap:50px;\n  font-family:Arial, Helvetica, sans-serif;\n  font-size:16px;\n  line-height:1.7;\n  margin:18px 0;\n}\n.recipe-info-col strong{ font-weight:600; }\n@media(max-width:600px){\n  .recipe-info-box{\n    flex-direction:column;\n    gap:0;\n    border-radius:10px;\n    font-size:15px;\n  }\n}\n<\/style>\n\n<div class=\"recipe-info-box\">\n  <div class=\"recipe-info-col\">\n    <div><strong>Temps total :<\/strong> 1 h 30<\/div>\n    <div><strong>Pr\u00e9paration :<\/strong> 20 min<\/div>\n    <div><strong>Cuisson :<\/strong> 35 min<\/div>\n  <\/div>\n  <div class=\"recipe-info-col\">\n    <div><strong>Repos :<\/strong> 35 min (dont 20 min au froid)<\/div>\n    <div><strong>Difficult\u00e9 :<\/strong> Facile<\/div>\n    <div><strong>Portions :<\/strong> 8<\/div>\n  <\/div>\n<\/div>\n\n\n\n<p><\/p>\n\n\n\n<p>Bonne nouvelle : nul besoin de multiplier les produits techniques pour obtenir un r\u00e9sultat digne d\u2019une vitrine de boulangerie. <\/p>\n\n\n\n<ul class=\"wp-block-list\">\n<li><strong>150 g de sucre<\/strong><\/li>\n\n\n\n<li><strong>90 g de f\u00e9cule de ma\u00efs<\/strong><\/li>\n\n\n\n<li><strong>2 \u0153ufs<\/strong><\/li>\n\n\n\n<li><strong>1 litre de lait<\/strong> (lait de soja possible pour une version sans lactose)<\/li>\n\n\n\n<li><strong>70 g de p\u00e2te de pistache<\/strong><\/li>\n\n\n\n<li><strong>1 p\u00e2te feuillet\u00e9e<\/strong> (\u00e9ventuellement sans lactose)<\/li>\n<\/ul>\n\n\n\n<h2 class=\"wp-block-heading\" id=\"h-les-etapes-essentielles-pour-reussir-un-flan-patissier-a-la-pistache-fondant-et-parfaitement-cuit\">Les \u00e9tapes essentielles pour r\u00e9ussir un flan p\u00e2tissier \u00e0 la pistache fondant et parfaitement cuit<\/h2>\n\n\n\n<p>Avant tout, la r\u00e9ussite de ce <strong>flan p\u00e2tissier \u00e0 la pistache<\/strong> repose sur quelques gestes simples mais pr\u00e9cis. D\u2019abord, il est indispensable d\u2019obtenir un m\u00e9lange parfaitement homog\u00e8ne. Ensuite, la cuisson doit \u00eatre ma\u00eetris\u00e9e afin de pr\u00e9server le c\u0153ur fondant. Enfin, le temps de repos joue un r\u00f4le cl\u00e9, car il permet \u00e0 la texture de se stabiliser.<\/p>\n\n\n\n<ol class=\"wp-block-list\">\n<li>Dans un r\u00e9cipient, commencer par m\u00e9langer le sucre et la f\u00e9cule de ma\u00efs<\/li>\n\n\n\n<li>Icorporer les \u0153ufs battus.<\/li>\n\n\n\n<li>Ajouter ensuite la p\u00e2te de pistache et d\u00e9layer progressivement avec une petite quantit\u00e9 de lait. <\/li>\n\n\n\n<li>Verser le reste du lait, lorsque la pr\u00e9paration devient lisse, <\/li>\n\n\n\n<li>Pendant ce temps, \u00e9taler la p\u00e2te feuillet\u00e9e dans un moule de <strong>24 cm<\/strong>, la piquer soigneusement, puis la placer au cong\u00e9lateur pendant <strong>20 minutes<\/strong>.<\/li>\n\n\n\n<li>Parall\u00e8lement, verser la pr\u00e9paration dans une casserole et chauffer \u00e0 feu moyen pendant environ 5 minutes, tout en fouettant constamment afin d\u2019\u00e9viter qu\u2019elle n\u2019accroche. <\/li>\n\n\n\n<li>Retirer du feu d\u00e8s que la cr\u00e8me \u00e9paissit,<\/li>\n\n\n\n<li>Verser l\u2019appareil sur le fond de p\u00e2te bien froid apr\u00e8s quelques minutes de repos<\/li>\n\n\n\n<li>Enfin, enfourner \u00e0 <strong>180\u00b0C<\/strong> pendant <strong>35 minutes<\/strong> : le centre doit rester l\u00e9g\u00e8rement tremblant, car il continuera de prendre en refroidissant.<\/li>\n<\/ol>\n\n\n\n<h2 class=\"wp-block-heading\" id=\"h-un-dessert-spectaculaire-intensement-cremeux-et-delicatement-parfume-a-la-pistache\">Un dessert spectaculaire, intens\u00e9ment cr\u00e9meux et d\u00e9licatement parfum\u00e9 \u00e0 la pistache<\/h2>\n\n\n\n<p>Au moment du service, l\u2019effet est imm\u00e9diat. Gr\u00e2ce \u00e0 sa couleur d\u00e9licatement verte et \u00e0 sa surface l\u00e9g\u00e8rement dor\u00e9e, ce <strong>flan p\u00e2tissier revisit\u00e9<\/strong> attire tous les regards. Pourtant, malgr\u00e9 son allure sophistiqu\u00e9e, il reste accessible et rassurant, ce qui en fait un choix id\u00e9al pour la cuisine maison.<\/p>\n\n\n\n<p>En d\u00e9finitive, ce dessert conjugue simplicit\u00e9 et \u00e9l\u00e9gance. D\u2019une part, il repose sur des ingr\u00e9dients courants et une technique abordable ; d\u2019autre part, il offre une exp\u00e9rience gustative digne d\u2019une p\u00e2tisserie artisanale. Ainsi, il transforme un repas ordinaire en v\u00e9ritable moment de <strong>plaisir gourmand<\/strong> partag\u00e9.<\/p>\n\n\n\n<!-- JSON-LD Recipe -->\n<script type=\"application\/ld+json\">\n{\n  \"@context\": \"https:\/\/schema.org\",\n  \"@type\": \"Recipe\",\n  \"@id\": \"https:\/\/www.legourmeur.fr\/news\/#recipe-flan-patissier-pistache\",\n  \"mainEntityOfPage\": {\n    \"@type\": \"WebPage\",\n    \"@id\": \"https:\/\/www.legourmeur.fr\/news\/\"\n  },\n  \"name\": \"Flan p\u00e2tissier \u00e0 la pistache fondant\",\n  \"description\": \"Un flan p\u00e2tissier \u00e0 la pistache \u00e0 la texture fondante et parfaitement cuite, sur p\u00e2te feuillet\u00e9e croustillante, avec un c\u0153ur l\u00e9g\u00e8rement tremblant qui se stabilise au repos.\",\n  \"image\": [\n    \"https:\/\/www.legourmeur.fr\/news\/wp-content\/uploads\/2026\/02\/news-plus-fondant-quun-flan-classique-plus-voluptueux-quune-tarte-ce-flan-patissier-a-la-pistache-fait-chavirer-les-amateurs-de-desserts-flan-patissier-pistache-scaled.webp\"\n  ],\n  \"author\": {\n    \"@type\": \"Person\",\n    \"name\": \"Julien Ancel\",\n    \"url\": \"https:\/\/www.legourmeur.fr\/news\/author\/julien\/\"\n  },\n  \"publisher\": {\n    \"@type\": \"Organization\",\n    \"name\": \"Le Gourmeur\",\n    \"url\": \"https:\/\/www.legourmeur.fr\/news\/\"\n  },\n  \"datePublished\": \"2026-02-27\",\n  \"dateModified\": \"2026-02-27\",\n  \"recipeCategory\": \"Dessert\",\n  \"recipeCuisine\": \"Fran\u00e7aise\",\n  \"recipeYield\": \"8 parts\",\n  \"prepTime\": \"PT20M\",\n  \"cookTime\": \"PT35M\",\n  \"totalTime\": \"PT1H30M\",\n  \"keywords\": \"flan p\u00e2tissier, flan pistache, dessert \u00e0 la pistache, p\u00e2te feuillet\u00e9e, flan maison\",\n  \"recipeIngredient\": [\n    \"150 g de sucre\",\n    \"90 g de f\u00e9cule de ma\u00efs\",\n    \"2 \u0153ufs\",\n    \"1 litre de lait (lait de soja possible)\",\n    \"70 g de p\u00e2te de pistache\",\n    \"1 p\u00e2te feuillet\u00e9e\"\n  ],\n  \"recipeInstructions\": [\n    {\n      \"@type\": \"HowToSection\",\n      \"name\": \"Pr\u00e9parer un appareil homog\u00e8ne et bien lisse\",\n      \"itemListElement\": [\n        {\n          \"@type\": \"HowToStep\",\n          \"name\": \"M\u00e9langer les poudres\",\n          \"text\": \"Dans un r\u00e9cipient, m\u00e9langez le sucre et la f\u00e9cule de ma\u00efs pour \u00e9viter les grumeaux.\"\n        },\n        {\n          \"@type\": \"HowToStep\",\n          \"name\": \"Incorporer les \u0153ufs\",\n          \"text\": \"Ajoutez les \u0153ufs battus et m\u00e9langez jusqu\u2019\u00e0 obtenir une pr\u00e9paration homog\u00e8ne.\"\n        },\n        {\n          \"@type\": \"HowToStep\",\n          \"name\": \"Ajouter la pistache\",\n          \"text\": \"Incorporez la p\u00e2te de pistache, puis d\u00e9layez progressivement avec un peu de lait jusqu\u2019\u00e0 lisser la pr\u00e9paration.\"\n        },\n        {\n          \"@type\": \"HowToStep\",\n          \"name\": \"Compl\u00e9ter avec le lait\",\n          \"text\": \"Versez le reste du lait lorsque la texture devient fluide et sans grumeaux.\"\n        }\n      ]\n    },\n    {\n      \"@type\": \"HowToSection\",\n      \"name\": \"Pr\u00e9parer le fond et cuire la cr\u00e8me\",\n      \"itemListElement\": [\n        {\n          \"@type\": \"HowToStep\",\n          \"name\": \"Foncer le moule\",\n          \"text\": \"\u00c9talez la p\u00e2te feuillet\u00e9e dans un moule de 24 cm, piquez-la soigneusement et placez-la au cong\u00e9lateur 20 minutes pour raffermir la base.\"\n        },\n        {\n          \"@type\": \"HowToStep\",\n          \"name\": \"Cuire la cr\u00e8me\",\n          \"text\": \"Versez la pr\u00e9paration dans une casserole et chauffez \u00e0 feu moyen environ 5 minutes en fouettant constamment, jusqu\u2019\u00e0 \u00e9paississement.\"\n        },\n        {\n          \"@type\": \"HowToStep\",\n          \"name\": \"Verser sur la p\u00e2te\",\n          \"text\": \"Retirez du feu d\u00e8s que la cr\u00e8me \u00e9paissit, laissez reposer quelques minutes, puis versez l\u2019appareil sur le fond de p\u00e2te bien froid.\"\n        }\n      ]\n    },\n    {\n      \"@type\": \"HowToSection\",\n      \"name\": \"Cuisson ma\u00eetris\u00e9e et repos\",\n      \"itemListElement\": [\n        {\n          \"@type\": \"HowToStep\",\n          \"name\": \"Enfourner\",\n          \"text\": \"Enfournez \u00e0 180\u00b0C pendant 35 minutes. Le centre doit rester l\u00e9g\u00e8rement tremblant.\"\n        },\n        {\n          \"@type\": \"HowToStep\",\n          \"name\": \"Laisser prendre\",\n          \"text\": \"Laissez refroidir compl\u00e8tement avant d\u00e9gustation : la texture se stabilise et le flan devient parfaitement fondant \u00e0 la d\u00e9coupe.\"\n        }\n      ]\n    }\n  ]\n}\n<\/script>\n","protected":false},"excerpt":{"rendered":"","protected":false},"author":7,"featured_media":4737,"comment_status":"closed","ping_status":"closed","sticky":false,"template":"","format":"standard","meta":{"_acf_changed":false,"footnotes":""},"categories":[10],"tags":[19],"class_list":["post-4732","post","type-post","status-publish","format-standard","has-post-thumbnail","hentry","category-recettes","tag-plat","generate-columns","tablet-grid-50","mobile-grid-100","grid-parent","grid-33"],"acf":[],"yoast_head":"<!-- This site is optimized with the Yoast SEO Premium plugin v22.8 (Yoast SEO v26.0) - https:\/\/yoast.com\/wordpress\/plugins\/seo\/ -->\n<title>Plus fondant qu\u2019un flan classique, ce flan p\u00e2tissier \u00e0 la pistache s\u00e9duit d\u00e9j\u00e0 les amateurs de desserts - Legourmeur Media<\/title>\n<meta name=\"description\" content=\"Ultra fondant et parfum\u00e9, ce flan p\u00e2tissier \u00e0 la pistache transforme un dessert simple en v\u00e9ritable moment gourmand et raffin\u00e9.\" \/>\n<meta name=\"robots\" content=\"index, follow, max-snippet:-1, max-image-preview:large, max-video-preview:-1\" \/>\n<link rel=\"canonical\" href=\"https:\/\/www.legourmeur.fr\/news\/plus-fondant-quun-flan-classique-ce-flan-patissier-a-la-pistache-seduit-deja-les-amateurs-de-desserts\/\" \/>\n<meta property=\"og:locale\" content=\"fr_FR\" \/>\n<meta property=\"og:type\" content=\"article\" \/>\n<meta property=\"og:title\" content=\"Plus fondant qu\u2019un flan classique, ce flan p\u00e2tissier \u00e0 la pistache s\u00e9duit d\u00e9j\u00e0 les amateurs de desserts\" \/>\n<meta property=\"og:description\" content=\"Cr\u00e9meux, intens\u00e9ment parfum\u00e9 et d\u00e9licatement color\u00e9, le flan p\u00e2tissier \u00e0 la pistache r\u00e9invente un grand classique de la p\u00e2tisserie maison. \u00c0 mi-chemin entre tradition et modernit\u00e9, il offre une texture plus fondante qu\u2019un flan traditionnel et plus \u00e9l\u00e9gante qu\u2019une simple tarte. Ainsi, chaque bouch\u00e9e r\u00e9v\u00e8le un \u00e9quilibre subtil entre douceur lact\u00e9e et caract\u00e8re d\u2019amande verte.\" \/>\n<meta property=\"og:url\" content=\"https:\/\/www.legourmeur.fr\/news\/plus-fondant-quun-flan-classique-ce-flan-patissier-a-la-pistache-seduit-deja-les-amateurs-de-desserts\/\" \/>\n<meta property=\"og:site_name\" content=\"Legourmeur Media\" \/>\n<meta property=\"article:published_time\" content=\"2026-02-27T10:57:03+00:00\" \/>\n<meta property=\"og:image\" content=\"https:\/\/www.legourmeur.fr\/news\/wp-content\/uploads\/2026\/02\/news-plus-fondant-quun-flan-classique-plus-voluptueux-quune-tarte-ce-flan-patissier-a-la-pistache-fait-chavirer-les-amateurs-de-desserts-flan-patissier-pistache-scaled.webp\" \/>\n\t<meta property=\"og:image:width\" content=\"1200\" \/>\n\t<meta property=\"og:image:height\" content=\"675\" \/>\n\t<meta property=\"og:image:type\" content=\"image\/webp\" \/>\n<meta name=\"author\" content=\"Gabrielle ANDRIAMANJATOSON\" \/>\n<meta name=\"twitter:card\" content=\"summary_large_image\" \/>\n<meta name=\"twitter:description\" content=\"Cr\u00e9meux, intens\u00e9ment parfum\u00e9 et d\u00e9licatement color\u00e9, le flan p\u00e2tissier \u00e0 la pistache r\u00e9invente un grand classique de la p\u00e2tisserie maison. \u00c0 mi-chemin entre tradition et modernit\u00e9, il offre une texture plus fondante qu\u2019un flan traditionnel et plus \u00e9l\u00e9gante qu\u2019une simple tarte. Ainsi, chaque bouch\u00e9e r\u00e9v\u00e8le un \u00e9quilibre subtil entre douceur lact\u00e9e et caract\u00e8re d\u2019amande verte.\" \/>\n<meta name=\"twitter:label1\" content=\"\u00c9crit par\" \/>\n\t<meta name=\"twitter:data1\" content=\"Gabrielle ANDRIAMANJATOSON\" \/>\n\t<meta name=\"twitter:label2\" content=\"Dur\u00e9e de lecture estim\u00e9e\" \/>\n\t<meta name=\"twitter:data2\" content=\"3 minutes\" \/>\n<script type=\"application\/ld+json\" class=\"yoast-schema-graph\">{\"@context\":\"https:\/\/schema.org\",\"@graph\":[{\"@type\":\"NewsArticle\",\"@id\":\"https:\/\/www.legourmeur.fr\/news\/plus-fondant-quun-flan-classique-ce-flan-patissier-a-la-pistache-seduit-deja-les-amateurs-de-desserts\/#article\",\"isPartOf\":{\"@id\":\"https:\/\/www.legourmeur.fr\/news\/plus-fondant-quun-flan-classique-ce-flan-patissier-a-la-pistache-seduit-deja-les-amateurs-de-desserts\/\"},\"author\":{\"name\":\"Gabrielle ANDRIAMANJATOSON\",\"@id\":\"https:\/\/www.legourmeur.fr\/news\/#\/schema\/person\/dd2586fb9ae6c7176f94ed43ea4c6879\"},\"headline\":\"Plus fondant qu\u2019un flan classique, ce flan p\u00e2tissier \u00e0 la pistache s\u00e9duit d\u00e9j\u00e0 les amateurs de desserts\",\"datePublished\":\"2026-02-27T10:57:03+00:00\",\"mainEntityOfPage\":{\"@id\":\"https:\/\/www.legourmeur.fr\/news\/plus-fondant-quun-flan-classique-ce-flan-patissier-a-la-pistache-seduit-deja-les-amateurs-de-desserts\/\"},\"wordCount\":601,\"publisher\":{\"@id\":\"https:\/\/www.legourmeur.fr\/news\/#organization\"},\"image\":{\"@id\":\"https:\/\/www.legourmeur.fr\/news\/plus-fondant-quun-flan-classique-ce-flan-patissier-a-la-pistache-seduit-deja-les-amateurs-de-desserts\/#primaryimage\"},\"thumbnailUrl\":\"https:\/\/www.legourmeur.fr\/news\/wp-content\/uploads\/2026\/02\/news-plus-fondant-quun-flan-classique-plus-voluptueux-quune-tarte-ce-flan-patissier-a-la-pistache-fait-chavirer-les-amateurs-de-desserts-flan-patissier-pistache-scaled.webp\",\"keywords\":[\"Plat\"],\"articleSection\":[\"Recettes\"],\"inLanguage\":\"fr-FR\"},{\"@type\":\"WebPage\",\"@id\":\"https:\/\/www.legourmeur.fr\/news\/plus-fondant-quun-flan-classique-ce-flan-patissier-a-la-pistache-seduit-deja-les-amateurs-de-desserts\/\",\"url\":\"https:\/\/www.legourmeur.fr\/news\/plus-fondant-quun-flan-classique-ce-flan-patissier-a-la-pistache-seduit-deja-les-amateurs-de-desserts\/\",\"name\":\"Plus fondant qu\u2019un flan classique, ce flan p\u00e2tissier \u00e0 la pistache s\u00e9duit d\u00e9j\u00e0 les amateurs de desserts - Legourmeur Media\",\"isPartOf\":{\"@id\":\"https:\/\/www.legourmeur.fr\/news\/#website\"},\"primaryImageOfPage\":{\"@id\":\"https:\/\/www.legourmeur.fr\/news\/plus-fondant-quun-flan-classique-ce-flan-patissier-a-la-pistache-seduit-deja-les-amateurs-de-desserts\/#primaryimage\"},\"image\":{\"@id\":\"https:\/\/www.legourmeur.fr\/news\/plus-fondant-quun-flan-classique-ce-flan-patissier-a-la-pistache-seduit-deja-les-amateurs-de-desserts\/#primaryimage\"},\"thumbnailUrl\":\"https:\/\/www.legourmeur.fr\/news\/wp-content\/uploads\/2026\/02\/news-plus-fondant-quun-flan-classique-plus-voluptueux-quune-tarte-ce-flan-patissier-a-la-pistache-fait-chavirer-les-amateurs-de-desserts-flan-patissier-pistache-scaled.webp\",\"datePublished\":\"2026-02-27T10:57:03+00:00\",\"description\":\"Ultra fondant et parfum\u00e9, ce flan p\u00e2tissier \u00e0 la pistache transforme un dessert simple en v\u00e9ritable moment gourmand et raffin\u00e9.\",\"breadcrumb\":{\"@id\":\"https:\/\/www.legourmeur.fr\/news\/plus-fondant-quun-flan-classique-ce-flan-patissier-a-la-pistache-seduit-deja-les-amateurs-de-desserts\/#breadcrumb\"},\"inLanguage\":\"fr-FR\",\"potentialAction\":[{\"@type\":\"ReadAction\",\"target\":[\"https:\/\/www.legourmeur.fr\/news\/plus-fondant-quun-flan-classique-ce-flan-patissier-a-la-pistache-seduit-deja-les-amateurs-de-desserts\/\"]}]},{\"@type\":\"ImageObject\",\"inLanguage\":\"fr-FR\",\"@id\":\"https:\/\/www.legourmeur.fr\/news\/plus-fondant-quun-flan-classique-ce-flan-patissier-a-la-pistache-seduit-deja-les-amateurs-de-desserts\/#primaryimage\",\"url\":\"https:\/\/www.legourmeur.fr\/news\/wp-content\/uploads\/2026\/02\/news-plus-fondant-quun-flan-classique-plus-voluptueux-quune-tarte-ce-flan-patissier-a-la-pistache-fait-chavirer-les-amateurs-de-desserts-flan-patissier-pistache-scaled.webp\",\"contentUrl\":\"https:\/\/www.legourmeur.fr\/news\/wp-content\/uploads\/2026\/02\/news-plus-fondant-quun-flan-classique-plus-voluptueux-quune-tarte-ce-flan-patissier-a-la-pistache-fait-chavirer-les-amateurs-de-desserts-flan-patissier-pistache-scaled.webp\",\"width\":1200,\"height\":675,\"caption\":\"Flan p\u00e2tissier \u00e0 la pistache : une texture ultra fondante, une cro\u00fbte dor\u00e9e et un parfum intense pour un dessert maison irr\u00e9sistible - LeGourmeur.fr \/ Image Illustration\"},{\"@type\":\"BreadcrumbList\",\"@id\":\"https:\/\/www.legourmeur.fr\/news\/plus-fondant-quun-flan-classique-ce-flan-patissier-a-la-pistache-seduit-deja-les-amateurs-de-desserts\/#breadcrumb\",\"itemListElement\":[{\"@type\":\"ListItem\",\"position\":1,\"name\":\"Accueil\",\"item\":\"https:\/\/www.legourmeur.fr\/news\/\"},{\"@type\":\"ListItem\",\"position\":2,\"name\":\"Plus fondant qu\u2019un flan classique, ce flan p\u00e2tissier \u00e0 la pistache s\u00e9duit d\u00e9j\u00e0 les amateurs de desserts\"}]},{\"@type\":\"WebSite\",\"@id\":\"https:\/\/www.legourmeur.fr\/news\/#website\",\"url\":\"https:\/\/www.legourmeur.fr\/news\/\",\"name\":\"Legourmeur\",\"description\":\"Venez d\u00e9couvrir la France, sa cuisine traditionnelle et ses produits du terroir \u00e0 travers mon tour de France \u00e0 v\u00e9lo.\",\"publisher\":{\"@id\":\"https:\/\/www.legourmeur.fr\/news\/#organization\"},\"potentialAction\":[{\"@type\":\"SearchAction\",\"target\":{\"@type\":\"EntryPoint\",\"urlTemplate\":\"https:\/\/www.legourmeur.fr\/news\/?s={search_term_string}\"},\"query-input\":{\"@type\":\"PropertyValueSpecification\",\"valueRequired\":true,\"valueName\":\"search_term_string\"}}],\"inLanguage\":\"fr-FR\"},{\"@type\":\"Organization\",\"@id\":\"https:\/\/www.legourmeur.fr\/news\/#organization\",\"name\":\"Snoopli\",\"url\":\"https:\/\/www.legourmeur.fr\/news\/\",\"logo\":{\"@type\":\"ImageObject\",\"inLanguage\":\"fr-FR\",\"@id\":\"https:\/\/www.legourmeur.fr\/news\/#\/schema\/logo\/image\/\",\"url\":\"https:\/\/www.legourmeur.fr\/news\/wp-content\/uploads\/2025\/09\/news.legourmeur.fr-gourmeur-vitro-logo-imp-v1-780x477-gourmeur-vitro-logo-imp-v1-780x477-1-scaled.webp\",\"contentUrl\":\"https:\/\/www.legourmeur.fr\/news\/wp-content\/uploads\/2025\/09\/news.legourmeur.fr-gourmeur-vitro-logo-imp-v1-780x477-gourmeur-vitro-logo-imp-v1-780x477-1-scaled.webp\",\"width\":1200,\"height\":901,\"caption\":\"Snoopli\"},\"image\":{\"@id\":\"https:\/\/www.legourmeur.fr\/news\/#\/schema\/logo\/image\/\"}},{\"@type\":\"Person\",\"@id\":\"https:\/\/www.legourmeur.fr\/news\/#\/schema\/person\/dd2586fb9ae6c7176f94ed43ea4c6879\",\"name\":\"Gabrielle ANDRIAMANJATOSON\",\"image\":{\"@type\":\"ImageObject\",\"inLanguage\":\"fr-FR\",\"@id\":\"https:\/\/www.legourmeur.fr\/news\/#\/schema\/person\/image\/\",\"url\":\"https:\/\/www.legourmeur.fr\/news\/wp-content\/plugins\/eldorado\/images\/icons\/avatar.svg\",\"contentUrl\":\"https:\/\/www.legourmeur.fr\/news\/wp-content\/plugins\/eldorado\/images\/icons\/avatar.svg\",\"caption\":\"Gabrielle ANDRIAMANJATOSON\"},\"url\":\"https:\/\/www.legourmeur.fr\/news\/author\/gabrielle\/\"}]}<\/script>\n<!-- \/ Yoast SEO Premium plugin. -->","yoast_head_json":{"title":"Plus fondant qu\u2019un flan classique, ce flan p\u00e2tissier \u00e0 la pistache s\u00e9duit d\u00e9j\u00e0 les amateurs de desserts - Legourmeur Media","description":"Ultra fondant et parfum\u00e9, ce flan p\u00e2tissier \u00e0 la pistache transforme un dessert simple en v\u00e9ritable moment gourmand et raffin\u00e9.","robots":{"index":"index","follow":"follow","max-snippet":"max-snippet:-1","max-image-preview":"max-image-preview:large","max-video-preview":"max-video-preview:-1"},"canonical":"https:\/\/www.legourmeur.fr\/news\/plus-fondant-quun-flan-classique-ce-flan-patissier-a-la-pistache-seduit-deja-les-amateurs-de-desserts\/","og_locale":"fr_FR","og_type":"article","og_title":"Plus fondant qu\u2019un flan classique, ce flan p\u00e2tissier \u00e0 la pistache s\u00e9duit d\u00e9j\u00e0 les amateurs de desserts","og_description":"Cr\u00e9meux, intens\u00e9ment parfum\u00e9 et d\u00e9licatement color\u00e9, le flan p\u00e2tissier \u00e0 la pistache r\u00e9invente un grand classique de la p\u00e2tisserie maison. \u00c0 mi-chemin entre tradition et modernit\u00e9, il offre une texture plus fondante qu\u2019un flan traditionnel et plus \u00e9l\u00e9gante qu\u2019une simple tarte. Ainsi, chaque bouch\u00e9e r\u00e9v\u00e8le un \u00e9quilibre subtil entre douceur lact\u00e9e et caract\u00e8re d\u2019amande verte.","og_url":"https:\/\/www.legourmeur.fr\/news\/plus-fondant-quun-flan-classique-ce-flan-patissier-a-la-pistache-seduit-deja-les-amateurs-de-desserts\/","og_site_name":"Legourmeur Media","article_published_time":"2026-02-27T10:57:03+00:00","og_image":[{"width":1200,"height":675,"url":"https:\/\/www.legourmeur.fr\/news\/wp-content\/uploads\/2026\/02\/news-plus-fondant-quun-flan-classique-plus-voluptueux-quune-tarte-ce-flan-patissier-a-la-pistache-fait-chavirer-les-amateurs-de-desserts-flan-patissier-pistache-scaled.webp","type":"image\/webp"}],"author":"Gabrielle ANDRIAMANJATOSON","twitter_card":"summary_large_image","twitter_description":"Cr\u00e9meux, intens\u00e9ment parfum\u00e9 et d\u00e9licatement color\u00e9, le flan p\u00e2tissier \u00e0 la pistache r\u00e9invente un grand classique de la p\u00e2tisserie maison. \u00c0 mi-chemin entre tradition et modernit\u00e9, il offre une texture plus fondante qu\u2019un flan traditionnel et plus \u00e9l\u00e9gante qu\u2019une simple tarte. Ainsi, chaque bouch\u00e9e r\u00e9v\u00e8le un \u00e9quilibre subtil entre douceur lact\u00e9e et caract\u00e8re d\u2019amande verte.","twitter_misc":{"\u00c9crit par":"Gabrielle ANDRIAMANJATOSON","Dur\u00e9e de lecture estim\u00e9e":"3 minutes"},"schema":{"@context":"https:\/\/schema.org","@graph":[{"@type":"NewsArticle","@id":"https:\/\/www.legourmeur.fr\/news\/plus-fondant-quun-flan-classique-ce-flan-patissier-a-la-pistache-seduit-deja-les-amateurs-de-desserts\/#article","isPartOf":{"@id":"https:\/\/www.legourmeur.fr\/news\/plus-fondant-quun-flan-classique-ce-flan-patissier-a-la-pistache-seduit-deja-les-amateurs-de-desserts\/"},"author":{"name":"Gabrielle ANDRIAMANJATOSON","@id":"https:\/\/www.legourmeur.fr\/news\/#\/schema\/person\/dd2586fb9ae6c7176f94ed43ea4c6879"},"headline":"Plus fondant qu\u2019un flan classique, ce flan p\u00e2tissier \u00e0 la pistache s\u00e9duit d\u00e9j\u00e0 les amateurs de desserts","datePublished":"2026-02-27T10:57:03+00:00","mainEntityOfPage":{"@id":"https:\/\/www.legourmeur.fr\/news\/plus-fondant-quun-flan-classique-ce-flan-patissier-a-la-pistache-seduit-deja-les-amateurs-de-desserts\/"},"wordCount":601,"publisher":{"@id":"https:\/\/www.legourmeur.fr\/news\/#organization"},"image":{"@id":"https:\/\/www.legourmeur.fr\/news\/plus-fondant-quun-flan-classique-ce-flan-patissier-a-la-pistache-seduit-deja-les-amateurs-de-desserts\/#primaryimage"},"thumbnailUrl":"https:\/\/www.legourmeur.fr\/news\/wp-content\/uploads\/2026\/02\/news-plus-fondant-quun-flan-classique-plus-voluptueux-quune-tarte-ce-flan-patissier-a-la-pistache-fait-chavirer-les-amateurs-de-desserts-flan-patissier-pistache-scaled.webp","keywords":["Plat"],"articleSection":["Recettes"],"inLanguage":"fr-FR"},{"@type":"WebPage","@id":"https:\/\/www.legourmeur.fr\/news\/plus-fondant-quun-flan-classique-ce-flan-patissier-a-la-pistache-seduit-deja-les-amateurs-de-desserts\/","url":"https:\/\/www.legourmeur.fr\/news\/plus-fondant-quun-flan-classique-ce-flan-patissier-a-la-pistache-seduit-deja-les-amateurs-de-desserts\/","name":"Plus fondant qu\u2019un flan classique, ce flan p\u00e2tissier \u00e0 la pistache s\u00e9duit d\u00e9j\u00e0 les amateurs de desserts - Legourmeur Media","isPartOf":{"@id":"https:\/\/www.legourmeur.fr\/news\/#website"},"primaryImageOfPage":{"@id":"https:\/\/www.legourmeur.fr\/news\/plus-fondant-quun-flan-classique-ce-flan-patissier-a-la-pistache-seduit-deja-les-amateurs-de-desserts\/#primaryimage"},"image":{"@id":"https:\/\/www.legourmeur.fr\/news\/plus-fondant-quun-flan-classique-ce-flan-patissier-a-la-pistache-seduit-deja-les-amateurs-de-desserts\/#primaryimage"},"thumbnailUrl":"https:\/\/www.legourmeur.fr\/news\/wp-content\/uploads\/2026\/02\/news-plus-fondant-quun-flan-classique-plus-voluptueux-quune-tarte-ce-flan-patissier-a-la-pistache-fait-chavirer-les-amateurs-de-desserts-flan-patissier-pistache-scaled.webp","datePublished":"2026-02-27T10:57:03+00:00","description":"Ultra fondant et parfum\u00e9, ce flan p\u00e2tissier \u00e0 la pistache transforme un dessert simple en v\u00e9ritable moment gourmand et raffin\u00e9.","breadcrumb":{"@id":"https:\/\/www.legourmeur.fr\/news\/plus-fondant-quun-flan-classique-ce-flan-patissier-a-la-pistache-seduit-deja-les-amateurs-de-desserts\/#breadcrumb"},"inLanguage":"fr-FR","potentialAction":[{"@type":"ReadAction","target":["https:\/\/www.legourmeur.fr\/news\/plus-fondant-quun-flan-classique-ce-flan-patissier-a-la-pistache-seduit-deja-les-amateurs-de-desserts\/"]}]},{"@type":"ImageObject","inLanguage":"fr-FR","@id":"https:\/\/www.legourmeur.fr\/news\/plus-fondant-quun-flan-classique-ce-flan-patissier-a-la-pistache-seduit-deja-les-amateurs-de-desserts\/#primaryimage","url":"https:\/\/www.legourmeur.fr\/news\/wp-content\/uploads\/2026\/02\/news-plus-fondant-quun-flan-classique-plus-voluptueux-quune-tarte-ce-flan-patissier-a-la-pistache-fait-chavirer-les-amateurs-de-desserts-flan-patissier-pistache-scaled.webp","contentUrl":"https:\/\/www.legourmeur.fr\/news\/wp-content\/uploads\/2026\/02\/news-plus-fondant-quun-flan-classique-plus-voluptueux-quune-tarte-ce-flan-patissier-a-la-pistache-fait-chavirer-les-amateurs-de-desserts-flan-patissier-pistache-scaled.webp","width":1200,"height":675,"caption":"Flan p\u00e2tissier \u00e0 la pistache : une texture ultra fondante, une cro\u00fbte dor\u00e9e et un parfum intense pour un dessert maison irr\u00e9sistible - LeGourmeur.fr \/ Image Illustration"},{"@type":"BreadcrumbList","@id":"https:\/\/www.legourmeur.fr\/news\/plus-fondant-quun-flan-classique-ce-flan-patissier-a-la-pistache-seduit-deja-les-amateurs-de-desserts\/#breadcrumb","itemListElement":[{"@type":"ListItem","position":1,"name":"Accueil","item":"https:\/\/www.legourmeur.fr\/news\/"},{"@type":"ListItem","position":2,"name":"Plus fondant qu\u2019un flan classique, ce flan p\u00e2tissier \u00e0 la pistache s\u00e9duit d\u00e9j\u00e0 les amateurs de desserts"}]},{"@type":"WebSite","@id":"https:\/\/www.legourmeur.fr\/news\/#website","url":"https:\/\/www.legourmeur.fr\/news\/","name":"Legourmeur","description":"Venez d\u00e9couvrir la France, sa cuisine traditionnelle et ses produits du terroir \u00e0 travers mon tour de France \u00e0 v\u00e9lo.","publisher":{"@id":"https:\/\/www.legourmeur.fr\/news\/#organization"},"potentialAction":[{"@type":"SearchAction","target":{"@type":"EntryPoint","urlTemplate":"https:\/\/www.legourmeur.fr\/news\/?s={search_term_string}"},"query-input":{"@type":"PropertyValueSpecification","valueRequired":true,"valueName":"search_term_string"}}],"inLanguage":"fr-FR"},{"@type":"Organization","@id":"https:\/\/www.legourmeur.fr\/news\/#organization","name":"Snoopli","url":"https:\/\/www.legourmeur.fr\/news\/","logo":{"@type":"ImageObject","inLanguage":"fr-FR","@id":"https:\/\/www.legourmeur.fr\/news\/#\/schema\/logo\/image\/","url":"https:\/\/www.legourmeur.fr\/news\/wp-content\/uploads\/2025\/09\/news.legourmeur.fr-gourmeur-vitro-logo-imp-v1-780x477-gourmeur-vitro-logo-imp-v1-780x477-1-scaled.webp","contentUrl":"https:\/\/www.legourmeur.fr\/news\/wp-content\/uploads\/2025\/09\/news.legourmeur.fr-gourmeur-vitro-logo-imp-v1-780x477-gourmeur-vitro-logo-imp-v1-780x477-1-scaled.webp","width":1200,"height":901,"caption":"Snoopli"},"image":{"@id":"https:\/\/www.legourmeur.fr\/news\/#\/schema\/logo\/image\/"}},{"@type":"Person","@id":"https:\/\/www.legourmeur.fr\/news\/#\/schema\/person\/dd2586fb9ae6c7176f94ed43ea4c6879","name":"Gabrielle ANDRIAMANJATOSON","image":{"@type":"ImageObject","inLanguage":"fr-FR","@id":"https:\/\/www.legourmeur.fr\/news\/#\/schema\/person\/image\/","url":"https:\/\/www.legourmeur.fr\/news\/wp-content\/plugins\/eldorado\/images\/icons\/avatar.svg","contentUrl":"https:\/\/www.legourmeur.fr\/news\/wp-content\/plugins\/eldorado\/images\/icons\/avatar.svg","caption":"Gabrielle ANDRIAMANJATOSON"},"url":"https:\/\/www.legourmeur.fr\/news\/author\/gabrielle\/"}]}},"_links":{"self":[{"href":"https:\/\/www.legourmeur.fr\/news\/wp-json\/wp\/v2\/posts\/4732","targetHints":{"allow":["GET"]}}],"collection":[{"href":"https:\/\/www.legourmeur.fr\/news\/wp-json\/wp\/v2\/posts"}],"about":[{"href":"https:\/\/www.legourmeur.fr\/news\/wp-json\/wp\/v2\/types\/post"}],"author":[{"embeddable":true,"href":"https:\/\/www.legourmeur.fr\/news\/wp-json\/wp\/v2\/users\/7"}],"replies":[{"embeddable":true,"href":"https:\/\/www.legourmeur.fr\/news\/wp-json\/wp\/v2\/comments?post=4732"}],"version-history":[{"count":3,"href":"https:\/\/www.legourmeur.fr\/news\/wp-json\/wp\/v2\/posts\/4732\/revisions"}],"predecessor-version":[{"id":4790,"href":"https:\/\/www.legourmeur.fr\/news\/wp-json\/wp\/v2\/posts\/4732\/revisions\/4790"}],"wp:featuredmedia":[{"embeddable":true,"href":"https:\/\/www.legourmeur.fr\/news\/wp-json\/wp\/v2\/media\/4737"}],"wp:attachment":[{"href":"https:\/\/www.legourmeur.fr\/news\/wp-json\/wp\/v2\/media?parent=4732"}],"wp:term":[{"taxonomy":"category","embeddable":true,"href":"https:\/\/www.legourmeur.fr\/news\/wp-json\/wp\/v2\/categories?post=4732"},{"taxonomy":"post_tag","embeddable":true,"href":"https:\/\/www.legourmeur.fr\/news\/wp-json\/wp\/v2\/tags?post=4732"}],"curies":[{"name":"wp","href":"https:\/\/api.w.org\/{rel}","templated":true}]}}