{"id":4868,"date":"2026-03-05T12:01:52","date_gmt":"2026-03-05T11:01:52","guid":{"rendered":"https:\/\/www.legourmeur.fr\/news\/?p=4868"},"modified":"2026-03-05T12:01:52","modified_gmt":"2026-03-05T11:01:52","slug":"trois-heures-au-four-et-soudain-le-silence-a-table-ce-jarret-fondant-cree-une-emotion-rare-autour-du-repas","status":"publish","type":"post","link":"https:\/\/www.legourmeur.fr\/news\/trois-heures-au-four-et-soudain-le-silence-a-table-ce-jarret-fondant-cree-une-emotion-rare-autour-du-repas\/","title":{"rendered":"Trois heures au four et soudain le silence \u00e0 table : ce jarret fondant cr\u00e9e une \u00e9motion rare autour du repas"},"content":{"rendered":"\n<h2 class=\"wp-block-heading\" id=\"h-un-dimanche-a-table-autour-d-un-jarret-de-porc-dore-confit-doucement-et-servi-brulant\">Un dimanche \u00e0 table autour d\u2019un jarret de porc dor\u00e9, confit doucement et servi br\u00fblant<\/h2>\n\n\n\n<p>Le plat arrive au centre de la table familiale, encore fr\u00e9missant et brillant. La peau cr\u00e9pite doucement sous la lumi\u00e8re, lib\u00e9rant <strong>des ar\u00f4mes d\u2019herbes et d\u2019agrumes<\/strong> qui ouvrent l\u2019app\u00e9tit et rassemblent les convives impatients, d\u00e9j\u00e0 pr\u00eats \u00e0 se servir une premi\u00e8re part g\u00e9n\u00e9reuse.<\/p>\n\n\n\n<p>La lame s\u2019enfonce sans r\u00e9sistance dans la <a href=\"https:\/\/www.legourmeur.fr\/news\/il-ressemble-au-cabillaud-coute-deux-fois-moins-cher-et-sinvite-avec-elegance-sur-les-tables-de-reveillon-les-plus-chics\/\">chair nacr\u00e9e et moelleuse<\/a>. Le couteau r\u00e9v\u00e8le une viande fondante qui se d\u00e9tache en fibres soyeuses, pendant que le jus chaud glisse au fond du plat, parfume la pi\u00e8ce et intensifie la promesse d\u2019<strong>un moment profond\u00e9ment gourmand<\/strong>.<\/p>\n\n\n\n<h2 class=\"wp-block-heading\" id=\"h-les-ingredients-essentiels-pour-un-jarret-de-porc-au-four-savoureux-et-equilibre-pour-4-personnes\">Les ingr\u00e9dients essentiels pour un jarret de porc au four savoureux et \u00e9quilibr\u00e9 pour 4 personnes<\/h2>\n\n\n\n<!-- Recipe Info Box -->\n<style>\n.recipe-info-box{\n  border:1px solid #e5e5e5;\n  border-radius:14px;\n  padding:16px 20px;\n  background:#fafafa;\n  display:flex;\n  justify-content:space-between;\n  gap:50px;\n  font-family:Arial, Helvetica, sans-serif;\n  font-size:16px;\n  line-height:1.7;\n  margin:18px 0;\n}\n.recipe-info-col strong{ font-weight:600; }\n@media(max-width:600px){\n  .recipe-info-box{\n    flex-direction:column;\n    gap:0;\n    border-radius:10px;\n    font-size:15px;\n  }\n}\n<\/style>\n\n<div class=\"recipe-info-box\">\n  <div class=\"recipe-info-col\">\n    <div><strong>Temps total :<\/strong> 3 h 45<\/div>\n    <div><strong>Pr\u00e9paration :<\/strong> 30 min<\/div>\n    <div><strong>Cuisson :<\/strong> 3 h<\/div>\n  <\/div>\n  <div class=\"recipe-info-col\">\n    <div><strong>Repos :<\/strong> 15 min (+ 30 min temp\u00e9rage)<\/div>\n    <div><strong>Difficult\u00e9 :<\/strong> Facile<\/div>\n    <div><strong>Portions :<\/strong> 4<\/div>\n  <\/div>\n<\/div>\n\n\n\n<p><\/p>\n\n\n\n<p>Chaque \u00e9l\u00e9ment soutient la viande. Le fenouil apporte fra\u00eecheur, l\u2019oignon donne douceur, le vin blanc structure le jus. Ensemble, ils cr\u00e9ent <strong>un \u00e9quilibre aromatique<\/strong> subtil et chaleureux.<\/p>\n\n\n\n<ul class=\"wp-block-list\">\n<li>1 jarret de porc<\/li>\n\n\n\n<li>1 oignon<\/li>\n\n\n\n<li>1 fenouil<\/li>\n\n\n\n<li>Huile d\u2019olive<\/li>\n\n\n\n<li>1 c. \u00e0 caf\u00e9 de thym ou herbes de Provence<\/li>\n\n\n\n<li>1 zeste d\u2019orange d\u2019un centim\u00e8tre<\/li>\n\n\n\n<li>Sel<\/li>\n\n\n\n<li>25 cl de vin blanc<\/li>\n<\/ul>\n\n\n\n<p>Choisir un jarret bien charnu, \u00e0 la couenne lisse. Pr\u00e9f\u00e9rer des l\u00e9gumes fermes et un vin blanc sec. Sortir la viande du froid trente minutes avant cuisson favorise <strong>une cuisson homog\u00e8ne<\/strong> et r\u00e9v\u00e8le <strong>des produits de qualit\u00e9<\/strong>.<\/p>\n\n\n\n<h2 class=\"wp-block-heading\" id=\"h-les-etapes-detaillees-pour-obtenir-une-chair-confite-et-une-peau-croustillante-au-four\">Les \u00e9tapes d\u00e9taill\u00e9es pour obtenir une chair confite et une peau croustillante au four<\/h2>\n\n\n\n<p>La r\u00e9ussite repose sur la patience et l\u2019attention. La cuisson lente transforme ce morceau g\u00e9n\u00e9reux. Chaque geste compte pour obtenir <strong>une texture confite<\/strong> et un jus concentr\u00e9.<\/p>\n\n\n\n<ol start=\"1\" class=\"wp-block-list\">\n<li>\u00c9mincer l\u2019oignon et le fenouil finement pour obtenir des lamelles r\u00e9guli\u00e8res assure une cuisson uniforme et une base aromatique d\u00e9licate.<\/li>\n\n\n\n<li>Chauffer un filet d\u2019huile d\u2019olive dans une cocotte et attendre que l\u2019huile fr\u00e9misse l\u00e9g\u00e8rement pour pr\u00e9parer une saisie efficace.<\/li>\n\n\n\n<li>Saisir le jarret sur toutes ses faces puis ormer une surface bien dor\u00e9e qui retient les sucs et d\u00e9veloppe <strong>une belle coloration<\/strong> app\u00e9tissante.<\/li>\n\n\n\n<li>Retirer le jarret et faire revenir l\u2019oignon et le fenouil. <\/li>\n\n\n\n<li>Saler, ajouter le thym, laisser suer jusqu\u2019\u00e0 obtenir <strong>des l\u00e9gumes translucides<\/strong> et l\u00e9g\u00e8rement caram\u00e9lis\u00e9s.<\/li>\n\n\n\n<li>Remettre le jarret dans la cocotte et verser le vin blanc. <\/li>\n\n\n\n<li>Ajouter le zeste d\u2019orange, porter \u00e0 \u00e9bullition trois minutes pour concentrer les ar\u00f4mes.<\/li>\n\n\n\n<li>Couvrir la cocotte et enfourner \u00e0 180\u00b0C pendant trois heures et laisser la chaleur douce attendrir la chair jusqu\u2019\u00e0 ce qu\u2019elle se d\u00e9tache facilement.<\/li>\n\n\n\n<li>V\u00e9rifier le niveau de liquide \u00e0 mi-cuisson. <\/li>\n\n\n\n<li>Ajouter un peu d\u2019eau si n\u00e9cessaire afin de pr\u00e9server un jus abondant et savoureux.<\/li>\n<\/ol>\n\n\n\n<p>\u00c0 la sortie du four, la viande se d\u00e9tache \u00e0 la fourchette. Le jus nappe la cuill\u00e8re. L\u2019ensemble offre <strong>une chair qui s\u2019effiloche<\/strong> avec une g\u00e9n\u00e9rosit\u00e9 irr\u00e9sistible.<\/p>\n\n\n\n<h2 class=\"wp-block-heading\">L\u2019instant du service, quand la viande se d\u00e9tache et que le jus parfum\u00e9 embaume la table<\/h2>\n\n\n\n<p>D\u00e9poser le jarret au centre d\u2019<strong>un grand plat chaud<\/strong> et l\u2019arroser g\u00e9n\u00e9reusement de jus brillant attire aussit\u00f4t les regards \u00e9merveill\u00e9s autour de la table. La vapeur s\u2019\u00e9l\u00e8ve lentement, charg\u00e9e d\u2019herbes et d\u2019agrumes, et enveloppe la pi\u00e8ce d\u2019une chaleur r\u00e9confortante, presque enveloppante.<\/p>\n\n\n\n<p>D\u00e9couper de larges morceaux et napper chaque assiette de sauce sombre r\u00e9v\u00e8le une tendret\u00e9 irr\u00e9sistible et profond\u00e9ment savoureuse. La fourchette traverse la chair sans effort, offrant un contraste d\u00e9licat entre <strong>cro\u00fbte dor\u00e9e et fibres juteuses<\/strong> qui prolongent le plaisir \u00e0 chaque bouch\u00e9e.<\/p>\n\n\n\n<!-- JSON-LD Recipe -->\n<script type=\"application\/ld+json\">\n{\n  \"@context\": \"https:\/\/schema.org\",\n  \"@type\": \"Recipe\",\n  \"@id\": \"https:\/\/www.legourmeur.fr\/news\/#recipe-jarret-porc-four-fenouil-vin-blanc\",\n  \"mainEntityOfPage\": {\n    \"@type\": \"WebPage\",\n    \"@id\": \"https:\/\/www.legourmeur.fr\/news\/\"\n  },\n  \"name\": \"Jarret de porc confit au four, fenouil et vin blanc\",\n  \"description\": \"Un jarret de porc cuit 3 heures au four : chair confite qui s\u2019effiloche, peau dor\u00e9e, et jus concentr\u00e9 au vin blanc, fenouil, oignon, thym et zeste d\u2019orange pour un \u00e9quilibre aromatique subtil.\",\n  \"image\": [\n    \"https:\/\/www.legourmeur.fr\/news\/wp-content\/uploads\/2026\/03\/news-trois-heures-au-four-et-soudain-le-silence-a-table-ce-jarret-fondant-cree-une-emotion-rare-autour-du-repas-jarret-porc-four-confit-croute-doree-scaled.webp\"\n  ],\n  \"author\": {\n    \"@type\": \"Person\",\n    \"name\": \"Julien Ancel\",\n    \"url\": \"https:\/\/www.legourmeur.fr\/news\/author\/julien\/\"\n  },\n  \"publisher\": {\n    \"@type\": \"Organization\",\n    \"name\": \"Le Gourmeur\",\n    \"url\": \"https:\/\/www.legourmeur.fr\/news\/\"\n  },\n  \"datePublished\": \"2026-03-04\",\n  \"dateModified\": \"2026-03-04\",\n  \"recipeCategory\": \"Plat\",\n  \"recipeCuisine\": \"Fran\u00e7aise\",\n  \"recipeYield\": \"4 portions\",\n  \"prepTime\": \"PT30M\",\n  \"cookTime\": \"PT3H\",\n  \"totalTime\": \"PT3H45M\",\n  \"keywords\": \"jarret de porc au four, jarret confit, fenouil, vin blanc, zeste d\u2019orange, plat mijot\u00e9 au four\",\n  \"recipeIngredient\": [\n    \"1 jarret de porc\",\n    \"1 oignon\",\n    \"1 fenouil\",\n    \"Huile d\u2019olive\",\n    \"1 cuill\u00e8re \u00e0 caf\u00e9 de thym ou herbes de Provence\",\n    \"1 zeste d\u2019orange (environ 1 cm)\",\n    \"Sel\",\n    \"25 cl de vin blanc sec\"\n  ],\n  \"recipeInstructions\": [\n    {\n      \"@type\": \"HowToSection\",\n      \"name\": \"Pr\u00e9parer la base aromatique et saisir\",\n      \"itemListElement\": [\n        {\n          \"@type\": \"HowToStep\",\n          \"name\": \"Temp\u00e9rer la viande\",\n          \"text\": \"Sortez le jarret du r\u00e9frig\u00e9rateur 30 minutes avant cuisson pour favoriser une cuisson homog\u00e8ne.\"\n        },\n        {\n          \"@type\": \"HowToStep\",\n          \"name\": \"\u00c9mincer les l\u00e9gumes\",\n          \"text\": \"\u00c9mincez finement l\u2019oignon et le fenouil pour obtenir des lamelles r\u00e9guli\u00e8res et une cuisson uniforme.\"\n        },\n        {\n          \"@type\": \"HowToStep\",\n          \"name\": \"Saisir le jarret\",\n          \"text\": \"Chauffez un filet d\u2019huile d\u2019olive dans une cocotte. Saisissez le jarret sur toutes ses faces pour obtenir une surface bien dor\u00e9e qui retient les sucs.\"\n        }\n      ]\n    },\n    {\n      \"@type\": \"HowToSection\",\n      \"name\": \"Cuisson lente au four pour une chair confite\",\n      \"itemListElement\": [\n        {\n          \"@type\": \"HowToStep\",\n          \"name\": \"Faire suer les l\u00e9gumes\",\n          \"text\": \"Retirez le jarret et faites revenir l\u2019oignon et le fenouil dans la cocotte. Salez, ajoutez le thym et laissez suer jusqu\u2019\u00e0 l\u00e9gumes translucides et l\u00e9g\u00e8rement caram\u00e9lis\u00e9s.\"\n        },\n        {\n          \"@type\": \"HowToStep\",\n          \"name\": \"D\u00e9glacer\",\n          \"text\": \"Remettez le jarret, versez le vin blanc et ajoutez le zeste d\u2019orange. Portez \u00e0 \u00e9bullition 3 minutes pour concentrer les ar\u00f4mes.\"\n        },\n        {\n          \"@type\": \"HowToStep\",\n          \"name\": \"Enfourner 3 heures\",\n          \"text\": \"Couvrez la cocotte et enfournez \u00e0 180\u00b0C pendant 3 heures, jusqu\u2019\u00e0 ce que la chair se d\u00e9tache facilement.\"\n        },\n        {\n          \"@type\": \"HowToStep\",\n          \"name\": \"Surveiller le jus\",\n          \"text\": \"V\u00e9rifiez le niveau de liquide \u00e0 mi-cuisson et ajoutez un peu d\u2019eau si n\u00e9cessaire pour conserver un jus abondant.\"\n        },\n        {\n          \"@type\": \"HowToStep\",\n          \"name\": \"Repos\",\n          \"text\": \"Laissez reposer 10 \u00e0 15 minutes avant de servir. Le jus doit napper la cuill\u00e8re et la viande doit s\u2019effilocher \u00e0 la fourchette.\"\n        }\n      ]\n    }\n  ]\n}\n<\/script>\n","protected":false},"excerpt":{"rendered":"","protected":false},"author":3,"featured_media":4880,"comment_status":"closed","ping_status":"closed","sticky":false,"template":"","format":"standard","meta":{"_acf_changed":false,"footnotes":""},"categories":[10],"tags":[19,79],"class_list":["post-4868","post","type-post","status-publish","format-standard","has-post-thumbnail","hentry","category-recettes","tag-plat","tag-viande","generate-columns","tablet-grid-50","mobile-grid-100","grid-parent","grid-33"],"acf":[],"yoast_head":"<!-- This site is optimized with the Yoast SEO Premium plugin v22.8 (Yoast SEO v26.0) - https:\/\/yoast.com\/wordpress\/plugins\/seo\/ -->\n<title>Trois heures au four et soudain le silence \u00e0 table : ce jarret fondant cr\u00e9e une \u00e9motion rare autour du repas - Legourmeur Media<\/title>\n<meta name=\"description\" content=\"Jarret de porc au four fondant, dor\u00e9 et parfum\u00e9 au fenouil et \u00e0 l&#039;orange. Une recette familiale mijot\u00e9e 3h pour une chair qui se d\u00e9tache \u00e0 la fourchette.\" \/>\n<meta name=\"robots\" content=\"index, follow, max-snippet:-1, max-image-preview:large, max-video-preview:-1\" \/>\n<link rel=\"canonical\" href=\"https:\/\/www.legourmeur.fr\/news\/trois-heures-au-four-et-soudain-le-silence-a-table-ce-jarret-fondant-cree-une-emotion-rare-autour-du-repas\/\" \/>\n<meta property=\"og:locale\" content=\"fr_FR\" \/>\n<meta property=\"og:type\" content=\"article\" \/>\n<meta property=\"og:title\" content=\"Trois heures au four et soudain le silence \u00e0 table : ce jarret fondant cr\u00e9e une \u00e9motion rare autour du repas\" \/>\n<meta property=\"og:description\" content=\"Le jarret de porc au four rassemble autour d\u2019une table chaleureuse et parfum\u00e9e, o\u00f9 la patience transforme chaque fibre en promesse gourmande. Sa chair fondante contraste avec une cro\u00fbte dor\u00e9e, tandis que thym, fenouil et orange composent un jus profond, enveloppant et intens\u00e9ment savoureux.\" \/>\n<meta property=\"og:url\" content=\"https:\/\/www.legourmeur.fr\/news\/trois-heures-au-four-et-soudain-le-silence-a-table-ce-jarret-fondant-cree-une-emotion-rare-autour-du-repas\/\" \/>\n<meta property=\"og:site_name\" content=\"Legourmeur Media\" \/>\n<meta property=\"article:published_time\" content=\"2026-03-05T11:01:52+00:00\" \/>\n<meta property=\"og:image\" content=\"https:\/\/www.legourmeur.fr\/news\/wp-content\/uploads\/2026\/03\/news-trois-heures-au-four-et-soudain-le-silence-a-table-ce-jarret-fondant-cree-une-emotion-rare-autour-du-repas-jarret-porc-four-confit-croute-doree-scaled.webp\" \/>\n\t<meta property=\"og:image:width\" content=\"1200\" \/>\n\t<meta property=\"og:image:height\" content=\"675\" \/>\n\t<meta property=\"og:image:type\" content=\"image\/webp\" \/>\n<meta name=\"author\" content=\"Ancel Julien\" \/>\n<meta name=\"twitter:card\" content=\"summary_large_image\" \/>\n<meta name=\"twitter:description\" content=\"Le jarret de porc au four rassemble autour d\u2019une table chaleureuse et parfum\u00e9e, o\u00f9 la patience transforme chaque fibre en promesse gourmande. Sa chair fondante contraste avec une cro\u00fbte dor\u00e9e, tandis que thym, fenouil et orange composent un jus profond, enveloppant et intens\u00e9ment savoureux.\" \/>\n<meta name=\"twitter:label1\" content=\"\u00c9crit par\" \/>\n\t<meta name=\"twitter:data1\" content=\"Ancel Julien\" \/>\n\t<meta name=\"twitter:label2\" content=\"Dur\u00e9e de lecture estim\u00e9e\" \/>\n\t<meta name=\"twitter:data2\" content=\"4 minutes\" \/>\n<script type=\"application\/ld+json\" class=\"yoast-schema-graph\">{\"@context\":\"https:\/\/schema.org\",\"@graph\":[{\"@type\":\"NewsArticle\",\"@id\":\"https:\/\/www.legourmeur.fr\/news\/trois-heures-au-four-et-soudain-le-silence-a-table-ce-jarret-fondant-cree-une-emotion-rare-autour-du-repas\/#article\",\"isPartOf\":{\"@id\":\"https:\/\/www.legourmeur.fr\/news\/trois-heures-au-four-et-soudain-le-silence-a-table-ce-jarret-fondant-cree-une-emotion-rare-autour-du-repas\/\"},\"author\":{\"name\":\"Ancel Julien\",\"@id\":\"https:\/\/www.legourmeur.fr\/news\/#\/schema\/person\/59d4a6e593cf933711efd020fef54317\"},\"headline\":\"Trois heures au four et soudain le silence \u00e0 table : ce jarret fondant cr\u00e9e une \u00e9motion rare autour du repas\",\"datePublished\":\"2026-03-05T11:01:52+00:00\",\"mainEntityOfPage\":{\"@id\":\"https:\/\/www.legourmeur.fr\/news\/trois-heures-au-four-et-soudain-le-silence-a-table-ce-jarret-fondant-cree-une-emotion-rare-autour-du-repas\/\"},\"wordCount\":661,\"publisher\":{\"@id\":\"https:\/\/www.legourmeur.fr\/news\/#organization\"},\"image\":{\"@id\":\"https:\/\/www.legourmeur.fr\/news\/trois-heures-au-four-et-soudain-le-silence-a-table-ce-jarret-fondant-cree-une-emotion-rare-autour-du-repas\/#primaryimage\"},\"thumbnailUrl\":\"https:\/\/www.legourmeur.fr\/news\/wp-content\/uploads\/2026\/03\/news-trois-heures-au-four-et-soudain-le-silence-a-table-ce-jarret-fondant-cree-une-emotion-rare-autour-du-repas-jarret-porc-four-confit-croute-doree-scaled.webp\",\"keywords\":[\"Plat\",\"Viande\"],\"articleSection\":[\"Recettes\"],\"inLanguage\":\"fr-FR\"},{\"@type\":\"WebPage\",\"@id\":\"https:\/\/www.legourmeur.fr\/news\/trois-heures-au-four-et-soudain-le-silence-a-table-ce-jarret-fondant-cree-une-emotion-rare-autour-du-repas\/\",\"url\":\"https:\/\/www.legourmeur.fr\/news\/trois-heures-au-four-et-soudain-le-silence-a-table-ce-jarret-fondant-cree-une-emotion-rare-autour-du-repas\/\",\"name\":\"Trois heures au four et soudain le silence \u00e0 table : ce jarret fondant cr\u00e9e une \u00e9motion rare autour du repas - Legourmeur Media\",\"isPartOf\":{\"@id\":\"https:\/\/www.legourmeur.fr\/news\/#website\"},\"primaryImageOfPage\":{\"@id\":\"https:\/\/www.legourmeur.fr\/news\/trois-heures-au-four-et-soudain-le-silence-a-table-ce-jarret-fondant-cree-une-emotion-rare-autour-du-repas\/#primaryimage\"},\"image\":{\"@id\":\"https:\/\/www.legourmeur.fr\/news\/trois-heures-au-four-et-soudain-le-silence-a-table-ce-jarret-fondant-cree-une-emotion-rare-autour-du-repas\/#primaryimage\"},\"thumbnailUrl\":\"https:\/\/www.legourmeur.fr\/news\/wp-content\/uploads\/2026\/03\/news-trois-heures-au-four-et-soudain-le-silence-a-table-ce-jarret-fondant-cree-une-emotion-rare-autour-du-repas-jarret-porc-four-confit-croute-doree-scaled.webp\",\"datePublished\":\"2026-03-05T11:01:52+00:00\",\"description\":\"Jarret de porc au four fondant, dor\u00e9 et parfum\u00e9 au fenouil et \u00e0 l'orange. Une recette familiale mijot\u00e9e 3h pour une chair qui se d\u00e9tache \u00e0 la fourchette.\",\"breadcrumb\":{\"@id\":\"https:\/\/www.legourmeur.fr\/news\/trois-heures-au-four-et-soudain-le-silence-a-table-ce-jarret-fondant-cree-une-emotion-rare-autour-du-repas\/#breadcrumb\"},\"inLanguage\":\"fr-FR\",\"potentialAction\":[{\"@type\":\"ReadAction\",\"target\":[\"https:\/\/www.legourmeur.fr\/news\/trois-heures-au-four-et-soudain-le-silence-a-table-ce-jarret-fondant-cree-une-emotion-rare-autour-du-repas\/\"]}]},{\"@type\":\"ImageObject\",\"inLanguage\":\"fr-FR\",\"@id\":\"https:\/\/www.legourmeur.fr\/news\/trois-heures-au-four-et-soudain-le-silence-a-table-ce-jarret-fondant-cree-une-emotion-rare-autour-du-repas\/#primaryimage\",\"url\":\"https:\/\/www.legourmeur.fr\/news\/wp-content\/uploads\/2026\/03\/news-trois-heures-au-four-et-soudain-le-silence-a-table-ce-jarret-fondant-cree-une-emotion-rare-autour-du-repas-jarret-porc-four-confit-croute-doree-scaled.webp\",\"contentUrl\":\"https:\/\/www.legourmeur.fr\/news\/wp-content\/uploads\/2026\/03\/news-trois-heures-au-four-et-soudain-le-silence-a-table-ce-jarret-fondant-cree-une-emotion-rare-autour-du-repas-jarret-porc-four-confit-croute-doree-scaled.webp\",\"width\":1200,\"height\":675,\"caption\":\"Un jarret de porc confit pendant trois heures, \u00e0 la peau croustillante et \u00e0 la chair fondante, servi au centre de la table dans son jus aux herbes et \u00e0 l\u2019orange. Une sc\u00e8ne chaleureuse qui donne imm\u00e9diatement envie de se servir. - Legourmeur.fr \/ Image Illustration\"},{\"@type\":\"BreadcrumbList\",\"@id\":\"https:\/\/www.legourmeur.fr\/news\/trois-heures-au-four-et-soudain-le-silence-a-table-ce-jarret-fondant-cree-une-emotion-rare-autour-du-repas\/#breadcrumb\",\"itemListElement\":[{\"@type\":\"ListItem\",\"position\":1,\"name\":\"Accueil\",\"item\":\"https:\/\/www.legourmeur.fr\/news\/\"},{\"@type\":\"ListItem\",\"position\":2,\"name\":\"Trois heures au four et soudain le silence \u00e0 table : ce jarret fondant cr\u00e9e une \u00e9motion rare autour du repas\"}]},{\"@type\":\"WebSite\",\"@id\":\"https:\/\/www.legourmeur.fr\/news\/#website\",\"url\":\"https:\/\/www.legourmeur.fr\/news\/\",\"name\":\"Legourmeur\",\"description\":\"Venez d\u00e9couvrir la France, sa cuisine traditionnelle et ses produits du terroir \u00e0 travers mon tour de France \u00e0 v\u00e9lo.\",\"publisher\":{\"@id\":\"https:\/\/www.legourmeur.fr\/news\/#organization\"},\"potentialAction\":[{\"@type\":\"SearchAction\",\"target\":{\"@type\":\"EntryPoint\",\"urlTemplate\":\"https:\/\/www.legourmeur.fr\/news\/?s={search_term_string}\"},\"query-input\":{\"@type\":\"PropertyValueSpecification\",\"valueRequired\":true,\"valueName\":\"search_term_string\"}}],\"inLanguage\":\"fr-FR\"},{\"@type\":\"Organization\",\"@id\":\"https:\/\/www.legourmeur.fr\/news\/#organization\",\"name\":\"Snoopli\",\"url\":\"https:\/\/www.legourmeur.fr\/news\/\",\"logo\":{\"@type\":\"ImageObject\",\"inLanguage\":\"fr-FR\",\"@id\":\"https:\/\/www.legourmeur.fr\/news\/#\/schema\/logo\/image\/\",\"url\":\"https:\/\/www.legourmeur.fr\/news\/wp-content\/uploads\/2025\/09\/news.legourmeur.fr-gourmeur-vitro-logo-imp-v1-780x477-gourmeur-vitro-logo-imp-v1-780x477-1-scaled.webp\",\"contentUrl\":\"https:\/\/www.legourmeur.fr\/news\/wp-content\/uploads\/2025\/09\/news.legourmeur.fr-gourmeur-vitro-logo-imp-v1-780x477-gourmeur-vitro-logo-imp-v1-780x477-1-scaled.webp\",\"width\":1200,\"height\":901,\"caption\":\"Snoopli\"},\"image\":{\"@id\":\"https:\/\/www.legourmeur.fr\/news\/#\/schema\/logo\/image\/\"}},{\"@type\":\"Person\",\"@id\":\"https:\/\/www.legourmeur.fr\/news\/#\/schema\/person\/59d4a6e593cf933711efd020fef54317\",\"name\":\"Ancel Julien\",\"image\":{\"@type\":\"ImageObject\",\"inLanguage\":\"fr-FR\",\"@id\":\"https:\/\/www.legourmeur.fr\/news\/#\/schema\/person\/image\/\",\"url\":\"https:\/\/www.legourmeur.fr\/news\/wp-content\/uploads\/2025\/10\/news-julien-a-picture-julien-a-picture-160x160.jpeg\",\"contentUrl\":\"https:\/\/www.legourmeur.fr\/news\/wp-content\/uploads\/2025\/10\/news-julien-a-picture-julien-a-picture-160x160.jpeg\",\"caption\":\"Ancel Julien\"},\"description\":\"Julien a h\u00e9rit\u00e9 de son p\u00e8re, cuisinier autodidacte et \u00e9picurien, une passion visc\u00e9rale pour le go\u00fbt juste et l'art de la convivialit\u00e9. Cette passion l'a men\u00e9 au c\u0153ur de l'excellence professionnelle. Aujourd'hui, il met ses comp\u00e9tences digitales au service de son ami Pierre-Louis, l'aidant \u00e0 transmettre le plaisir de son restaurant et le savoir-faire des Meilleurs Ouvriers de France au plus grand nombre. La cr\u00e9ation de Legourmeur.fr est le prolongement naturel de cette mission de partage. En tant qu'entrepreneur Tech de formation, Julien utilise l'Intelligence Artificielle (IA) pour optimiser l'\u00e9criture de ses articles. Cette approche lui permet de transformer rapidement son expertise du terrain (cuisine, cocktails) en contenu riche, cr\u00e9atif et accessible. R\u00e9dacteur curieux, Julien partage recettes et astuces avec un objectif simple : rendre votre quotidien plus gourmand, cr\u00e9atif et convivial.\",\"sameAs\":[\"https:\/\/www.instagram.com\/legourmeur\/\",\"https:\/\/www.linkedin.com\/in\/julienancel\/\"],\"gender\":\"Homme\",\"knowsAbout\":[\"R\u00e9daction web\"],\"knowsLanguage\":[\"Fran\u00e7ais\",\"Anglais\"],\"jobTitle\":\"Directeur publication\",\"worksFor\":\"SAS PL TOURNEUR 1\",\"url\":\"https:\/\/www.legourmeur.fr\/news\/author\/julien\/\"}]}<\/script>\n<!-- \/ Yoast SEO Premium plugin. -->","yoast_head_json":{"title":"Trois heures au four et soudain le silence \u00e0 table : ce jarret fondant cr\u00e9e une \u00e9motion rare autour du repas - Legourmeur Media","description":"Jarret de porc au four fondant, dor\u00e9 et parfum\u00e9 au fenouil et \u00e0 l'orange. Une recette familiale mijot\u00e9e 3h pour une chair qui se d\u00e9tache \u00e0 la fourchette.","robots":{"index":"index","follow":"follow","max-snippet":"max-snippet:-1","max-image-preview":"max-image-preview:large","max-video-preview":"max-video-preview:-1"},"canonical":"https:\/\/www.legourmeur.fr\/news\/trois-heures-au-four-et-soudain-le-silence-a-table-ce-jarret-fondant-cree-une-emotion-rare-autour-du-repas\/","og_locale":"fr_FR","og_type":"article","og_title":"Trois heures au four et soudain le silence \u00e0 table : ce jarret fondant cr\u00e9e une \u00e9motion rare autour du repas","og_description":"Le jarret de porc au four rassemble autour d\u2019une table chaleureuse et parfum\u00e9e, o\u00f9 la patience transforme chaque fibre en promesse gourmande. Sa chair fondante contraste avec une cro\u00fbte dor\u00e9e, tandis que thym, fenouil et orange composent un jus profond, enveloppant et intens\u00e9ment savoureux.","og_url":"https:\/\/www.legourmeur.fr\/news\/trois-heures-au-four-et-soudain-le-silence-a-table-ce-jarret-fondant-cree-une-emotion-rare-autour-du-repas\/","og_site_name":"Legourmeur Media","article_published_time":"2026-03-05T11:01:52+00:00","og_image":[{"width":1200,"height":675,"url":"https:\/\/www.legourmeur.fr\/news\/wp-content\/uploads\/2026\/03\/news-trois-heures-au-four-et-soudain-le-silence-a-table-ce-jarret-fondant-cree-une-emotion-rare-autour-du-repas-jarret-porc-four-confit-croute-doree-scaled.webp","type":"image\/webp"}],"author":"Ancel Julien","twitter_card":"summary_large_image","twitter_description":"Le jarret de porc au four rassemble autour d\u2019une table chaleureuse et parfum\u00e9e, o\u00f9 la patience transforme chaque fibre en promesse gourmande. Sa chair fondante contraste avec une cro\u00fbte dor\u00e9e, tandis que thym, fenouil et orange composent un jus profond, enveloppant et intens\u00e9ment savoureux.","twitter_misc":{"\u00c9crit par":"Ancel Julien","Dur\u00e9e de lecture estim\u00e9e":"4 minutes"},"schema":{"@context":"https:\/\/schema.org","@graph":[{"@type":"NewsArticle","@id":"https:\/\/www.legourmeur.fr\/news\/trois-heures-au-four-et-soudain-le-silence-a-table-ce-jarret-fondant-cree-une-emotion-rare-autour-du-repas\/#article","isPartOf":{"@id":"https:\/\/www.legourmeur.fr\/news\/trois-heures-au-four-et-soudain-le-silence-a-table-ce-jarret-fondant-cree-une-emotion-rare-autour-du-repas\/"},"author":{"name":"Ancel Julien","@id":"https:\/\/www.legourmeur.fr\/news\/#\/schema\/person\/59d4a6e593cf933711efd020fef54317"},"headline":"Trois heures au four et soudain le silence \u00e0 table : ce jarret fondant cr\u00e9e une \u00e9motion rare autour du repas","datePublished":"2026-03-05T11:01:52+00:00","mainEntityOfPage":{"@id":"https:\/\/www.legourmeur.fr\/news\/trois-heures-au-four-et-soudain-le-silence-a-table-ce-jarret-fondant-cree-une-emotion-rare-autour-du-repas\/"},"wordCount":661,"publisher":{"@id":"https:\/\/www.legourmeur.fr\/news\/#organization"},"image":{"@id":"https:\/\/www.legourmeur.fr\/news\/trois-heures-au-four-et-soudain-le-silence-a-table-ce-jarret-fondant-cree-une-emotion-rare-autour-du-repas\/#primaryimage"},"thumbnailUrl":"https:\/\/www.legourmeur.fr\/news\/wp-content\/uploads\/2026\/03\/news-trois-heures-au-four-et-soudain-le-silence-a-table-ce-jarret-fondant-cree-une-emotion-rare-autour-du-repas-jarret-porc-four-confit-croute-doree-scaled.webp","keywords":["Plat","Viande"],"articleSection":["Recettes"],"inLanguage":"fr-FR"},{"@type":"WebPage","@id":"https:\/\/www.legourmeur.fr\/news\/trois-heures-au-four-et-soudain-le-silence-a-table-ce-jarret-fondant-cree-une-emotion-rare-autour-du-repas\/","url":"https:\/\/www.legourmeur.fr\/news\/trois-heures-au-four-et-soudain-le-silence-a-table-ce-jarret-fondant-cree-une-emotion-rare-autour-du-repas\/","name":"Trois heures au four et soudain le silence \u00e0 table : ce jarret fondant cr\u00e9e une \u00e9motion rare autour du repas - Legourmeur Media","isPartOf":{"@id":"https:\/\/www.legourmeur.fr\/news\/#website"},"primaryImageOfPage":{"@id":"https:\/\/www.legourmeur.fr\/news\/trois-heures-au-four-et-soudain-le-silence-a-table-ce-jarret-fondant-cree-une-emotion-rare-autour-du-repas\/#primaryimage"},"image":{"@id":"https:\/\/www.legourmeur.fr\/news\/trois-heures-au-four-et-soudain-le-silence-a-table-ce-jarret-fondant-cree-une-emotion-rare-autour-du-repas\/#primaryimage"},"thumbnailUrl":"https:\/\/www.legourmeur.fr\/news\/wp-content\/uploads\/2026\/03\/news-trois-heures-au-four-et-soudain-le-silence-a-table-ce-jarret-fondant-cree-une-emotion-rare-autour-du-repas-jarret-porc-four-confit-croute-doree-scaled.webp","datePublished":"2026-03-05T11:01:52+00:00","description":"Jarret de porc au four fondant, dor\u00e9 et parfum\u00e9 au fenouil et \u00e0 l'orange. Une recette familiale mijot\u00e9e 3h pour une chair qui se d\u00e9tache \u00e0 la fourchette.","breadcrumb":{"@id":"https:\/\/www.legourmeur.fr\/news\/trois-heures-au-four-et-soudain-le-silence-a-table-ce-jarret-fondant-cree-une-emotion-rare-autour-du-repas\/#breadcrumb"},"inLanguage":"fr-FR","potentialAction":[{"@type":"ReadAction","target":["https:\/\/www.legourmeur.fr\/news\/trois-heures-au-four-et-soudain-le-silence-a-table-ce-jarret-fondant-cree-une-emotion-rare-autour-du-repas\/"]}]},{"@type":"ImageObject","inLanguage":"fr-FR","@id":"https:\/\/www.legourmeur.fr\/news\/trois-heures-au-four-et-soudain-le-silence-a-table-ce-jarret-fondant-cree-une-emotion-rare-autour-du-repas\/#primaryimage","url":"https:\/\/www.legourmeur.fr\/news\/wp-content\/uploads\/2026\/03\/news-trois-heures-au-four-et-soudain-le-silence-a-table-ce-jarret-fondant-cree-une-emotion-rare-autour-du-repas-jarret-porc-four-confit-croute-doree-scaled.webp","contentUrl":"https:\/\/www.legourmeur.fr\/news\/wp-content\/uploads\/2026\/03\/news-trois-heures-au-four-et-soudain-le-silence-a-table-ce-jarret-fondant-cree-une-emotion-rare-autour-du-repas-jarret-porc-four-confit-croute-doree-scaled.webp","width":1200,"height":675,"caption":"Un jarret de porc confit pendant trois heures, \u00e0 la peau croustillante et \u00e0 la chair fondante, servi au centre de la table dans son jus aux herbes et \u00e0 l\u2019orange. Une sc\u00e8ne chaleureuse qui donne imm\u00e9diatement envie de se servir. - Legourmeur.fr \/ Image Illustration"},{"@type":"BreadcrumbList","@id":"https:\/\/www.legourmeur.fr\/news\/trois-heures-au-four-et-soudain-le-silence-a-table-ce-jarret-fondant-cree-une-emotion-rare-autour-du-repas\/#breadcrumb","itemListElement":[{"@type":"ListItem","position":1,"name":"Accueil","item":"https:\/\/www.legourmeur.fr\/news\/"},{"@type":"ListItem","position":2,"name":"Trois heures au four et soudain le silence \u00e0 table : ce jarret fondant cr\u00e9e une \u00e9motion rare autour du repas"}]},{"@type":"WebSite","@id":"https:\/\/www.legourmeur.fr\/news\/#website","url":"https:\/\/www.legourmeur.fr\/news\/","name":"Legourmeur","description":"Venez d\u00e9couvrir la France, sa cuisine traditionnelle et ses produits du terroir \u00e0 travers mon tour de France \u00e0 v\u00e9lo.","publisher":{"@id":"https:\/\/www.legourmeur.fr\/news\/#organization"},"potentialAction":[{"@type":"SearchAction","target":{"@type":"EntryPoint","urlTemplate":"https:\/\/www.legourmeur.fr\/news\/?s={search_term_string}"},"query-input":{"@type":"PropertyValueSpecification","valueRequired":true,"valueName":"search_term_string"}}],"inLanguage":"fr-FR"},{"@type":"Organization","@id":"https:\/\/www.legourmeur.fr\/news\/#organization","name":"Snoopli","url":"https:\/\/www.legourmeur.fr\/news\/","logo":{"@type":"ImageObject","inLanguage":"fr-FR","@id":"https:\/\/www.legourmeur.fr\/news\/#\/schema\/logo\/image\/","url":"https:\/\/www.legourmeur.fr\/news\/wp-content\/uploads\/2025\/09\/news.legourmeur.fr-gourmeur-vitro-logo-imp-v1-780x477-gourmeur-vitro-logo-imp-v1-780x477-1-scaled.webp","contentUrl":"https:\/\/www.legourmeur.fr\/news\/wp-content\/uploads\/2025\/09\/news.legourmeur.fr-gourmeur-vitro-logo-imp-v1-780x477-gourmeur-vitro-logo-imp-v1-780x477-1-scaled.webp","width":1200,"height":901,"caption":"Snoopli"},"image":{"@id":"https:\/\/www.legourmeur.fr\/news\/#\/schema\/logo\/image\/"}},{"@type":"Person","@id":"https:\/\/www.legourmeur.fr\/news\/#\/schema\/person\/59d4a6e593cf933711efd020fef54317","name":"Ancel Julien","image":{"@type":"ImageObject","inLanguage":"fr-FR","@id":"https:\/\/www.legourmeur.fr\/news\/#\/schema\/person\/image\/","url":"https:\/\/www.legourmeur.fr\/news\/wp-content\/uploads\/2025\/10\/news-julien-a-picture-julien-a-picture-160x160.jpeg","contentUrl":"https:\/\/www.legourmeur.fr\/news\/wp-content\/uploads\/2025\/10\/news-julien-a-picture-julien-a-picture-160x160.jpeg","caption":"Ancel Julien"},"description":"Julien a h\u00e9rit\u00e9 de son p\u00e8re, cuisinier autodidacte et \u00e9picurien, une passion visc\u00e9rale pour le go\u00fbt juste et l'art de la convivialit\u00e9. Cette passion l'a men\u00e9 au c\u0153ur de l'excellence professionnelle. Aujourd'hui, il met ses comp\u00e9tences digitales au service de son ami Pierre-Louis, l'aidant \u00e0 transmettre le plaisir de son restaurant et le savoir-faire des Meilleurs Ouvriers de France au plus grand nombre. La cr\u00e9ation de Legourmeur.fr est le prolongement naturel de cette mission de partage. En tant qu'entrepreneur Tech de formation, Julien utilise l'Intelligence Artificielle (IA) pour optimiser l'\u00e9criture de ses articles. Cette approche lui permet de transformer rapidement son expertise du terrain (cuisine, cocktails) en contenu riche, cr\u00e9atif et accessible. R\u00e9dacteur curieux, Julien partage recettes et astuces avec un objectif simple : rendre votre quotidien plus gourmand, cr\u00e9atif et convivial.","sameAs":["https:\/\/www.instagram.com\/legourmeur\/","https:\/\/www.linkedin.com\/in\/julienancel\/"],"gender":"Homme","knowsAbout":["R\u00e9daction web"],"knowsLanguage":["Fran\u00e7ais","Anglais"],"jobTitle":"Directeur publication","worksFor":"SAS PL TOURNEUR 1","url":"https:\/\/www.legourmeur.fr\/news\/author\/julien\/"}]}},"_links":{"self":[{"href":"https:\/\/www.legourmeur.fr\/news\/wp-json\/wp\/v2\/posts\/4868","targetHints":{"allow":["GET"]}}],"collection":[{"href":"https:\/\/www.legourmeur.fr\/news\/wp-json\/wp\/v2\/posts"}],"about":[{"href":"https:\/\/www.legourmeur.fr\/news\/wp-json\/wp\/v2\/types\/post"}],"author":[{"embeddable":true,"href":"https:\/\/www.legourmeur.fr\/news\/wp-json\/wp\/v2\/users\/3"}],"replies":[{"embeddable":true,"href":"https:\/\/www.legourmeur.fr\/news\/wp-json\/wp\/v2\/comments?post=4868"}],"version-history":[{"count":3,"href":"https:\/\/www.legourmeur.fr\/news\/wp-json\/wp\/v2\/posts\/4868\/revisions"}],"predecessor-version":[{"id":4959,"href":"https:\/\/www.legourmeur.fr\/news\/wp-json\/wp\/v2\/posts\/4868\/revisions\/4959"}],"wp:featuredmedia":[{"embeddable":true,"href":"https:\/\/www.legourmeur.fr\/news\/wp-json\/wp\/v2\/media\/4880"}],"wp:attachment":[{"href":"https:\/\/www.legourmeur.fr\/news\/wp-json\/wp\/v2\/media?parent=4868"}],"wp:term":[{"taxonomy":"category","embeddable":true,"href":"https:\/\/www.legourmeur.fr\/news\/wp-json\/wp\/v2\/categories?post=4868"},{"taxonomy":"post_tag","embeddable":true,"href":"https:\/\/www.legourmeur.fr\/news\/wp-json\/wp\/v2\/tags?post=4868"}],"curies":[{"name":"wp","href":"https:\/\/api.w.org\/{rel}","templated":true}]}}