{"id":4954,"date":"2026-03-08T09:24:22","date_gmt":"2026-03-08T08:24:22","guid":{"rendered":"https:\/\/www.legourmeur.fr\/news\/?p=4954"},"modified":"2026-03-08T09:24:22","modified_gmt":"2026-03-08T08:24:22","slug":"ce-gratin-de-poireaux-au-jambon-est-le-diner-reconfortant-de-mars-que-toute-la-famille-reclame-des-le-premier-soir","status":"publish","type":"post","link":"https:\/\/www.legourmeur.fr\/news\/ce-gratin-de-poireaux-au-jambon-est-le-diner-reconfortant-de-mars-que-toute-la-famille-reclame-des-le-premier-soir\/","title":{"rendered":"Ce gratin de poireaux au jambon est le d\u00eener r\u00e9confortant de mars que toute la famille r\u00e9clame d\u00e8s le premier soir"},"content":{"rendered":"\n<h2 class=\"wp-block-heading\" id=\"h-lorsque-mars-mele-encore-fraicheur-hivernale-et-premieres-envies-de-legumes-verts-dans-les-assiettes-familiales\">Lorsque mars m\u00eale encore fra\u00eecheur hivernale et premi\u00e8res envies de l\u00e9gumes verts dans les assiettes familiales<\/h2>\n\n\n\n<p>Les soir\u00e9es de mars gardent une fra\u00eecheur persistante. Autour de la table, les <a href=\"https:\/\/www.legourmeur.fr\/news\/fondants-doux-et-ultra-reconfortants-ces-poireaux-gratines-vont-vous-faire-oublier-les-endives-au-jambon\/\">plats r\u00e9confortants<\/a> restent bienvenus. Le gratin de poireaux au jambon s&rsquo;impose alors naturellement. Sa chaleur douce rassemble les convives tandis que <strong>l\u00e9gume de saison<\/strong>, <strong><a href=\"https:\/\/www.legourmeur.fr\/news\/boeuf-mijote-en-cocotte-fondant-aux-legumes-une-recette-familiale-genereuse-qui-embaume-la-cuisine-pendant-des-heures\/\">cuisine familiale<\/a><\/strong>, et <strong>texture fondante<\/strong> cr\u00e9ent une atmosph\u00e8re simple et apaisante.<\/p>\n\n\n\n<p>Le poireau r\u00e9v\u00e8le ici toute sa <a href=\"https:\/\/www.legourmeur.fr\/news\/une-butternut-rotie-facon-viande-grillee-nappee-de-chimichurri-maison-la-surprise-vegetale-de-lautomne\/\">douceur v\u00e9g\u00e9tale<\/a>. Lentement attendri, il devient soyeux et presque sucr\u00e9. Le jambon apporte une note sal\u00e9e \u00e9quilibr\u00e9e. Une b\u00e9chamel l\u00e9g\u00e8re enveloppe l&rsquo;ensemble. Ainsi, <strong>\u00e9quilibre gourmand<\/strong>, <strong>parfum de muscade<\/strong> et <strong>plat convivial<\/strong> transforment ce repas en moment chaleureux.<\/p>\n\n\n\n<h2 class=\"wp-block-heading\" id=\"h-les-ingredients-essentiels-pour-preparer-un-gratin-de-poireaux-fondant-et-savoureux-pour-4-personnes\">Les ingr\u00e9dients essentiels pour pr\u00e9parer un gratin de poireaux fondant et savoureux pour 4 personnes<\/h2>\n\n\n\n<p>Chaque ingr\u00e9dient poss\u00e8de un r\u00f4le pr\u00e9cis dans ce gratin. Le poireau apporte une douceur v\u00e9g\u00e9tale. Le jambon structure le plat et renforce la gourmandise. La b\u00e9chamel lie l&rsquo;ensemble. Enfin, <strong>\u00e9quilibre des saveurs<\/strong>, <strong>fromage gratin\u00e9<\/strong>, et <strong>onctuosit\u00e9 l\u00e9g\u00e8re<\/strong> cr\u00e9ent une harmonie simple et rassurante.<\/p>\n\n\n\n<ul class=\"wp-block-list\">\n<li>4 beaux poireaux<\/li>\n\n\n\n<li>4 tranches de jambon blanc<\/li>\n\n\n\n<li>60 g de fromage r\u00e2p\u00e9<\/li>\n\n\n\n<li>30 g de beurre<\/li>\n\n\n\n<li>30 g de farine<\/li>\n\n\n\n<li>40 cl de lait<\/li>\n\n\n\n<li>1 pinc\u00e9e de noix de muscade<\/li>\n\n\n\n<li>Sel<\/li>\n\n\n\n<li>Poivre<\/li>\n<\/ul>\n\n\n\n<p>Choisir des poireaux fermes au f\u00fbt bien blanc garantit une cuisson fondante. Un jambon doux souligne la saveur du l\u00e9gume. Utiliser un lait entier apporte une sauce souple. De plus, <strong>produits frais<\/strong>, <strong>fromage bien r\u00e2p\u00e9<\/strong>, et <strong>assaisonnement pr\u00e9cis<\/strong> assurent un r\u00e9sultat \u00e9quilibr\u00e9.<\/p>\n\n\n\n<h2 class=\"wp-block-heading\" id=\"h-la-preparation-detaillee-pour-obtenir-des-poireaux-tendres-nappes-d-une-bechamel-veloutee-et-gratines-au-four\">La pr\u00e9paration d\u00e9taill\u00e9e pour obtenir des poireaux tendres napp\u00e9s d&rsquo;une b\u00e9chamel velout\u00e9e et gratin\u00e9s au four<\/h2>\n\n\n\n<p>La r\u00e9ussite de ce gratin repose sur des gestes simples et pr\u00e9cis. Une cuisson douce attendrit le l\u00e9gume. Une b\u00e9chamel bien fouett\u00e9e devient lisse et brillante. <\/p>\n\n\n\n<ol start=\"1\" class=\"wp-block-list\">\n<li>Nettoyer les poireaux puis couper des tron\u00e7ons d&rsquo;environ trois centim\u00e8tres et rincer soigneusement pour \u00e9liminer toute trace de terre. Observer une chair p\u00e2le et ferme pr\u00eate \u00e0 devenir fondante.<\/li>\n\n\n\n<li>Cuire les tron\u00e7ons \u00e0 la vapeur ou dans une eau l\u00e9g\u00e8rement sal\u00e9e puis laisser cuire environ dix minutes. V\u00e9rifier une texture tendre qui reste intacte.<\/li>\n\n\n\n<li>\u00c9goutter soigneusement les poireaux. <\/li>\n\n\n\n<li>Presser d\u00e9licatement pour retirer l&rsquo;exc\u00e8s d&rsquo;eau afin d&rsquo;obtenir un l\u00e9gume souple qui ne d\u00e9trempera pas la sauce.<\/li>\n\n\n\n<li>Faire fondre le beurre dans une casserole et incorporer la farine et m\u00e9langer vivement. Observer un roux blond qui d\u00e9gage une odeur douce.<\/li>\n\n\n\n<li>Verser progressivement le lait tout en fouettant et laisser \u00e9paissir jusqu&rsquo;\u00e0 obtenir une sauce nappante en Ajoutant sel, poivre et muscade.<\/li>\n\n\n\n<li>Enrouler une portion de poireaux dans chaque tranche de jambon, d\u00e9poser les rouleaux dans un plat \u00e0 gratin et disposer des cylindres bien serr\u00e9s.<\/li>\n\n\n\n<li>Napper les rouleaux avec la b\u00e9chamel chaude. <\/li>\n\n\n\n<li>R\u00e9partir la sauce pour couvrir chaque portion. Observer une surface lisse et brillante.<\/li>\n\n\n\n<li>Parsemer le fromage r\u00e2p\u00e9 sur toute la surface. <\/li>\n\n\n\n<li>Cuire au four \u00e0 200\u00b0C pendant quinze minutes et attendre une cro\u00fbte dor\u00e9e l\u00e9g\u00e8rement croustillante.<\/li>\n<\/ol>\n\n\n\n<p>Quelques minutes de repos stabilisent la sauce. La b\u00e9chamel se lie davantage autour des poireaux. Les ar\u00f4mes se diffusent doucement. Ainsi, <strong>gratin dor\u00e9<\/strong>, <strong>c\u0153ur fondant<\/strong>, et <strong>sauce enveloppante<\/strong> offrent un plat pr\u00eat \u00e0 \u00eatre servi.<\/p>\n\n\n\n<h2 class=\"wp-block-heading\" id=\"h-le-moment-de-servir-ce-gratin-de-poireaux-fumant-lorsque-le-fromage-dore-embaume-toute-la-cuisine\">Le moment de servir ce gratin de poireaux fumant lorsque le fromage dor\u00e9 embaume toute la cuisine<\/h2>\n\n\n\n<p>\u00c0 la sortie du four, le gratin diffuse un parfum chaud de fromage et de muscade. La surface dor\u00e9e cr\u00e9pite l\u00e9g\u00e8rement. Servir aussit\u00f4t pour pr\u00e9server la chaleur. Ainsi, <strong>plat fumant<\/strong>, <strong>ar\u00f4mes lact\u00e9s<\/strong>, et <strong>table conviviale<\/strong> annoncent un d\u00eener simple et g\u00e9n\u00e9reux.<\/p>\n\n\n\n<p>Une salade verte croquante accompagne parfaitement ce gratin. Son assaisonnement vif \u00e9quilibre la douceur de la sauce. Une petite portion de riz peut aussi compl\u00e9ter l&rsquo;assiette. Enfin, <strong>contraste frais<\/strong>, <strong>repas \u00e9quilibr\u00e9<\/strong>, et <strong>plaisir partag\u00e9<\/strong> prolongent ce moment gourmand.<\/p>\n","protected":false},"excerpt":{"rendered":"","protected":false},"author":3,"featured_media":4962,"comment_status":"closed","ping_status":"closed","sticky":false,"template":"","format":"standard","meta":{"_acf_changed":false,"footnotes":""},"categories":[10],"tags":[19],"class_list":["post-4954","post","type-post","status-publish","format-standard","has-post-thumbnail","hentry","category-recettes","tag-plat","generate-columns","tablet-grid-50","mobile-grid-100","grid-parent","grid-33"],"acf":[],"yoast_head":"<!-- This site is optimized with the Yoast SEO Premium plugin v22.8 (Yoast SEO v26.0) - https:\/\/yoast.com\/wordpress\/plugins\/seo\/ -->\n<title>Ce gratin de poireaux au jambon est le d\u00eener r\u00e9confortant de mars que toute la famille r\u00e9clame d\u00e8s le premier soir - Legourmeur Media<\/title>\n<meta name=\"description\" content=\"D\u00e9couvrez le gratin de poireaux au jambon, fondant et gratin\u00e9 au four : un plat familial r\u00e9confortant, parfait pour les soir\u00e9es fra\u00eeches de mars. Savoureux !\" \/>\n<meta name=\"robots\" content=\"index, follow, max-snippet:-1, max-image-preview:large, max-video-preview:-1\" \/>\n<link rel=\"canonical\" href=\"https:\/\/www.legourmeur.fr\/news\/ce-gratin-de-poireaux-au-jambon-est-le-diner-reconfortant-de-mars-que-toute-la-famille-reclame-des-le-premier-soir\/\" \/>\n<meta property=\"og:locale\" content=\"fr_FR\" \/>\n<meta property=\"og:type\" content=\"article\" \/>\n<meta property=\"og:title\" content=\"Ce gratin de poireaux au jambon est le d\u00eener r\u00e9confortant de mars que toute la famille r\u00e9clame d\u00e8s le premier soir\" \/>\n<meta property=\"og:description\" content=\"Ce gratin de poireaux au jambon r\u00e9unit douceur v\u00e9g\u00e9tale, cr\u00e8me velout\u00e9e et fromage dor\u00e9. Servi bien chaud lorsque l&#039;air reste frais, il diffuse des parfums de muscade et de lait chaud. Chaque bouch\u00e9e offre un contraste entre fondant d\u00e9licat, cro\u00fbte dor\u00e9e et sauce cr\u00e9meuse l\u00e9g\u00e8re.\" \/>\n<meta property=\"og:url\" content=\"https:\/\/www.legourmeur.fr\/news\/ce-gratin-de-poireaux-au-jambon-est-le-diner-reconfortant-de-mars-que-toute-la-famille-reclame-des-le-premier-soir\/\" \/>\n<meta property=\"og:site_name\" content=\"Legourmeur Media\" \/>\n<meta property=\"article:published_time\" content=\"2026-03-08T08:24:22+00:00\" \/>\n<meta property=\"og:image\" content=\"https:\/\/www.legourmeur.fr\/news\/wp-content\/uploads\/2026\/03\/news-ce-gratin-de-poireaux-au-jambon-est-le-diner-reconfortant-de-mars-que-toute-la-famille-reclame-des-le-premier-soir-gratin-poireaux-jambon-maison-scaled.webp\" \/>\n\t<meta property=\"og:image:width\" content=\"1200\" \/>\n\t<meta property=\"og:image:height\" content=\"675\" \/>\n\t<meta property=\"og:image:type\" content=\"image\/webp\" \/>\n<meta name=\"author\" content=\"Ancel Julien\" \/>\n<meta name=\"twitter:card\" content=\"summary_large_image\" \/>\n<meta name=\"twitter:description\" content=\"Ce gratin de poireaux au jambon r\u00e9unit douceur v\u00e9g\u00e9tale, cr\u00e8me velout\u00e9e et fromage dor\u00e9. Servi bien chaud lorsque l&#039;air reste frais, il diffuse des parfums de muscade et de lait chaud. Chaque bouch\u00e9e offre un contraste entre fondant d\u00e9licat, cro\u00fbte dor\u00e9e et sauce cr\u00e9meuse l\u00e9g\u00e8re.\" \/>\n<meta name=\"twitter:label1\" content=\"\u00c9crit par\" \/>\n\t<meta name=\"twitter:data1\" content=\"Ancel Julien\" \/>\n\t<meta name=\"twitter:label2\" content=\"Dur\u00e9e de lecture estim\u00e9e\" \/>\n\t<meta name=\"twitter:data2\" content=\"4 minutes\" \/>\n<script type=\"application\/ld+json\" class=\"yoast-schema-graph\">{\"@context\":\"https:\/\/schema.org\",\"@graph\":[{\"@type\":\"NewsArticle\",\"@id\":\"https:\/\/www.legourmeur.fr\/news\/ce-gratin-de-poireaux-au-jambon-est-le-diner-reconfortant-de-mars-que-toute-la-famille-reclame-des-le-premier-soir\/#article\",\"isPartOf\":{\"@id\":\"https:\/\/www.legourmeur.fr\/news\/ce-gratin-de-poireaux-au-jambon-est-le-diner-reconfortant-de-mars-que-toute-la-famille-reclame-des-le-premier-soir\/\"},\"author\":{\"name\":\"Ancel Julien\",\"@id\":\"https:\/\/www.legourmeur.fr\/news\/#\/schema\/person\/59d4a6e593cf933711efd020fef54317\"},\"headline\":\"Ce gratin de poireaux au jambon est le d\u00eener r\u00e9confortant de mars que toute la famille r\u00e9clame d\u00e8s le premier soir\",\"datePublished\":\"2026-03-08T08:24:22+00:00\",\"mainEntityOfPage\":{\"@id\":\"https:\/\/www.legourmeur.fr\/news\/ce-gratin-de-poireaux-au-jambon-est-le-diner-reconfortant-de-mars-que-toute-la-famille-reclame-des-le-premier-soir\/\"},\"wordCount\":709,\"publisher\":{\"@id\":\"https:\/\/www.legourmeur.fr\/news\/#organization\"},\"image\":{\"@id\":\"https:\/\/www.legourmeur.fr\/news\/ce-gratin-de-poireaux-au-jambon-est-le-diner-reconfortant-de-mars-que-toute-la-famille-reclame-des-le-premier-soir\/#primaryimage\"},\"thumbnailUrl\":\"https:\/\/www.legourmeur.fr\/news\/wp-content\/uploads\/2026\/03\/news-ce-gratin-de-poireaux-au-jambon-est-le-diner-reconfortant-de-mars-que-toute-la-famille-reclame-des-le-premier-soir-gratin-poireaux-jambon-maison-scaled.webp\",\"keywords\":[\"Plat\"],\"articleSection\":[\"Recettes\"],\"inLanguage\":\"fr-FR\"},{\"@type\":\"WebPage\",\"@id\":\"https:\/\/www.legourmeur.fr\/news\/ce-gratin-de-poireaux-au-jambon-est-le-diner-reconfortant-de-mars-que-toute-la-famille-reclame-des-le-premier-soir\/\",\"url\":\"https:\/\/www.legourmeur.fr\/news\/ce-gratin-de-poireaux-au-jambon-est-le-diner-reconfortant-de-mars-que-toute-la-famille-reclame-des-le-premier-soir\/\",\"name\":\"Ce gratin de poireaux au jambon est le d\u00eener r\u00e9confortant de mars que toute la famille r\u00e9clame d\u00e8s le premier soir - Legourmeur Media\",\"isPartOf\":{\"@id\":\"https:\/\/www.legourmeur.fr\/news\/#website\"},\"primaryImageOfPage\":{\"@id\":\"https:\/\/www.legourmeur.fr\/news\/ce-gratin-de-poireaux-au-jambon-est-le-diner-reconfortant-de-mars-que-toute-la-famille-reclame-des-le-premier-soir\/#primaryimage\"},\"image\":{\"@id\":\"https:\/\/www.legourmeur.fr\/news\/ce-gratin-de-poireaux-au-jambon-est-le-diner-reconfortant-de-mars-que-toute-la-famille-reclame-des-le-premier-soir\/#primaryimage\"},\"thumbnailUrl\":\"https:\/\/www.legourmeur.fr\/news\/wp-content\/uploads\/2026\/03\/news-ce-gratin-de-poireaux-au-jambon-est-le-diner-reconfortant-de-mars-que-toute-la-famille-reclame-des-le-premier-soir-gratin-poireaux-jambon-maison-scaled.webp\",\"datePublished\":\"2026-03-08T08:24:22+00:00\",\"description\":\"D\u00e9couvrez le gratin de poireaux au jambon, fondant et gratin\u00e9 au four : un plat familial r\u00e9confortant, parfait pour les soir\u00e9es fra\u00eeches de mars. Savoureux !\",\"breadcrumb\":{\"@id\":\"https:\/\/www.legourmeur.fr\/news\/ce-gratin-de-poireaux-au-jambon-est-le-diner-reconfortant-de-mars-que-toute-la-famille-reclame-des-le-premier-soir\/#breadcrumb\"},\"inLanguage\":\"fr-FR\",\"potentialAction\":[{\"@type\":\"ReadAction\",\"target\":[\"https:\/\/www.legourmeur.fr\/news\/ce-gratin-de-poireaux-au-jambon-est-le-diner-reconfortant-de-mars-que-toute-la-famille-reclame-des-le-premier-soir\/\"]}]},{\"@type\":\"ImageObject\",\"inLanguage\":\"fr-FR\",\"@id\":\"https:\/\/www.legourmeur.fr\/news\/ce-gratin-de-poireaux-au-jambon-est-le-diner-reconfortant-de-mars-que-toute-la-famille-reclame-des-le-premier-soir\/#primaryimage\",\"url\":\"https:\/\/www.legourmeur.fr\/news\/wp-content\/uploads\/2026\/03\/news-ce-gratin-de-poireaux-au-jambon-est-le-diner-reconfortant-de-mars-que-toute-la-famille-reclame-des-le-premier-soir-gratin-poireaux-jambon-maison-scaled.webp\",\"contentUrl\":\"https:\/\/www.legourmeur.fr\/news\/wp-content\/uploads\/2026\/03\/news-ce-gratin-de-poireaux-au-jambon-est-le-diner-reconfortant-de-mars-que-toute-la-famille-reclame-des-le-premier-soir-gratin-poireaux-jambon-maison-scaled.webp\",\"width\":1200,\"height\":675,\"caption\":\"Un gratin de poireaux au jambon tout juste sorti du four, napp\u00e9 d\u2019une b\u00e9chamel onctueuse et l\u00e9g\u00e8rement dor\u00e9, parfait pour un d\u00eener r\u00e9confortant de d\u00e9but de printemps. - Legourmeur.fr \/ Image Illustration\"},{\"@type\":\"BreadcrumbList\",\"@id\":\"https:\/\/www.legourmeur.fr\/news\/ce-gratin-de-poireaux-au-jambon-est-le-diner-reconfortant-de-mars-que-toute-la-famille-reclame-des-le-premier-soir\/#breadcrumb\",\"itemListElement\":[{\"@type\":\"ListItem\",\"position\":1,\"name\":\"Accueil\",\"item\":\"https:\/\/www.legourmeur.fr\/news\/\"},{\"@type\":\"ListItem\",\"position\":2,\"name\":\"Ce gratin de poireaux au jambon est le d\u00eener r\u00e9confortant de mars que toute la famille r\u00e9clame d\u00e8s le premier soir\"}]},{\"@type\":\"WebSite\",\"@id\":\"https:\/\/www.legourmeur.fr\/news\/#website\",\"url\":\"https:\/\/www.legourmeur.fr\/news\/\",\"name\":\"Legourmeur\",\"description\":\"Venez d\u00e9couvrir la France, sa cuisine traditionnelle et ses produits du terroir \u00e0 travers mon tour de France \u00e0 v\u00e9lo.\",\"publisher\":{\"@id\":\"https:\/\/www.legourmeur.fr\/news\/#organization\"},\"potentialAction\":[{\"@type\":\"SearchAction\",\"target\":{\"@type\":\"EntryPoint\",\"urlTemplate\":\"https:\/\/www.legourmeur.fr\/news\/?s={search_term_string}\"},\"query-input\":{\"@type\":\"PropertyValueSpecification\",\"valueRequired\":true,\"valueName\":\"search_term_string\"}}],\"inLanguage\":\"fr-FR\"},{\"@type\":\"Organization\",\"@id\":\"https:\/\/www.legourmeur.fr\/news\/#organization\",\"name\":\"Snoopli\",\"url\":\"https:\/\/www.legourmeur.fr\/news\/\",\"logo\":{\"@type\":\"ImageObject\",\"inLanguage\":\"fr-FR\",\"@id\":\"https:\/\/www.legourmeur.fr\/news\/#\/schema\/logo\/image\/\",\"url\":\"https:\/\/www.legourmeur.fr\/news\/wp-content\/uploads\/2025\/09\/news.legourmeur.fr-gourmeur-vitro-logo-imp-v1-780x477-gourmeur-vitro-logo-imp-v1-780x477-1-scaled.webp\",\"contentUrl\":\"https:\/\/www.legourmeur.fr\/news\/wp-content\/uploads\/2025\/09\/news.legourmeur.fr-gourmeur-vitro-logo-imp-v1-780x477-gourmeur-vitro-logo-imp-v1-780x477-1-scaled.webp\",\"width\":1200,\"height\":901,\"caption\":\"Snoopli\"},\"image\":{\"@id\":\"https:\/\/www.legourmeur.fr\/news\/#\/schema\/logo\/image\/\"}},{\"@type\":\"Person\",\"@id\":\"https:\/\/www.legourmeur.fr\/news\/#\/schema\/person\/59d4a6e593cf933711efd020fef54317\",\"name\":\"Ancel Julien\",\"image\":{\"@type\":\"ImageObject\",\"inLanguage\":\"fr-FR\",\"@id\":\"https:\/\/www.legourmeur.fr\/news\/#\/schema\/person\/image\/\",\"url\":\"https:\/\/www.legourmeur.fr\/news\/wp-content\/uploads\/2025\/10\/news-julien-a-picture-julien-a-picture-160x160.jpeg\",\"contentUrl\":\"https:\/\/www.legourmeur.fr\/news\/wp-content\/uploads\/2025\/10\/news-julien-a-picture-julien-a-picture-160x160.jpeg\",\"caption\":\"Ancel Julien\"},\"description\":\"Julien a h\u00e9rit\u00e9 de son p\u00e8re, cuisinier autodidacte et \u00e9picurien, une passion visc\u00e9rale pour le go\u00fbt juste et l'art de la convivialit\u00e9. Cette passion l'a men\u00e9 au c\u0153ur de l'excellence professionnelle. Aujourd'hui, il met ses comp\u00e9tences digitales au service de son ami Pierre-Louis, l'aidant \u00e0 transmettre le plaisir de son restaurant et le savoir-faire des Meilleurs Ouvriers de France au plus grand nombre. La cr\u00e9ation de Legourmeur.fr est le prolongement naturel de cette mission de partage. En tant qu'entrepreneur Tech de formation, Julien utilise l'Intelligence Artificielle (IA) pour optimiser l'\u00e9criture de ses articles. Cette approche lui permet de transformer rapidement son expertise du terrain (cuisine, cocktails) en contenu riche, cr\u00e9atif et accessible. R\u00e9dacteur curieux, Julien partage recettes et astuces avec un objectif simple : rendre votre quotidien plus gourmand, cr\u00e9atif et convivial.\",\"sameAs\":[\"https:\/\/www.instagram.com\/legourmeur\/\",\"https:\/\/www.linkedin.com\/in\/julienancel\/\"],\"gender\":\"Homme\",\"knowsAbout\":[\"R\u00e9daction web\"],\"knowsLanguage\":[\"Fran\u00e7ais\",\"Anglais\"],\"jobTitle\":\"Directeur publication\",\"worksFor\":\"SAS PL TOURNEUR 1\",\"url\":\"https:\/\/www.legourmeur.fr\/news\/author\/julien\/\"}]}<\/script>\n<!-- \/ Yoast SEO Premium plugin. -->","yoast_head_json":{"title":"Ce gratin de poireaux au jambon est le d\u00eener r\u00e9confortant de mars que toute la famille r\u00e9clame d\u00e8s le premier soir - Legourmeur Media","description":"D\u00e9couvrez le gratin de poireaux au jambon, fondant et gratin\u00e9 au four : un plat familial r\u00e9confortant, parfait pour les soir\u00e9es fra\u00eeches de mars. Savoureux !","robots":{"index":"index","follow":"follow","max-snippet":"max-snippet:-1","max-image-preview":"max-image-preview:large","max-video-preview":"max-video-preview:-1"},"canonical":"https:\/\/www.legourmeur.fr\/news\/ce-gratin-de-poireaux-au-jambon-est-le-diner-reconfortant-de-mars-que-toute-la-famille-reclame-des-le-premier-soir\/","og_locale":"fr_FR","og_type":"article","og_title":"Ce gratin de poireaux au jambon est le d\u00eener r\u00e9confortant de mars que toute la famille r\u00e9clame d\u00e8s le premier soir","og_description":"Ce gratin de poireaux au jambon r\u00e9unit douceur v\u00e9g\u00e9tale, cr\u00e8me velout\u00e9e et fromage dor\u00e9. Servi bien chaud lorsque l'air reste frais, il diffuse des parfums de muscade et de lait chaud. Chaque bouch\u00e9e offre un contraste entre fondant d\u00e9licat, cro\u00fbte dor\u00e9e et sauce cr\u00e9meuse l\u00e9g\u00e8re.","og_url":"https:\/\/www.legourmeur.fr\/news\/ce-gratin-de-poireaux-au-jambon-est-le-diner-reconfortant-de-mars-que-toute-la-famille-reclame-des-le-premier-soir\/","og_site_name":"Legourmeur Media","article_published_time":"2026-03-08T08:24:22+00:00","og_image":[{"width":1200,"height":675,"url":"https:\/\/www.legourmeur.fr\/news\/wp-content\/uploads\/2026\/03\/news-ce-gratin-de-poireaux-au-jambon-est-le-diner-reconfortant-de-mars-que-toute-la-famille-reclame-des-le-premier-soir-gratin-poireaux-jambon-maison-scaled.webp","type":"image\/webp"}],"author":"Ancel Julien","twitter_card":"summary_large_image","twitter_description":"Ce gratin de poireaux au jambon r\u00e9unit douceur v\u00e9g\u00e9tale, cr\u00e8me velout\u00e9e et fromage dor\u00e9. Servi bien chaud lorsque l'air reste frais, il diffuse des parfums de muscade et de lait chaud. Chaque bouch\u00e9e offre un contraste entre fondant d\u00e9licat, cro\u00fbte dor\u00e9e et sauce cr\u00e9meuse l\u00e9g\u00e8re.","twitter_misc":{"\u00c9crit par":"Ancel Julien","Dur\u00e9e de lecture estim\u00e9e":"4 minutes"},"schema":{"@context":"https:\/\/schema.org","@graph":[{"@type":"NewsArticle","@id":"https:\/\/www.legourmeur.fr\/news\/ce-gratin-de-poireaux-au-jambon-est-le-diner-reconfortant-de-mars-que-toute-la-famille-reclame-des-le-premier-soir\/#article","isPartOf":{"@id":"https:\/\/www.legourmeur.fr\/news\/ce-gratin-de-poireaux-au-jambon-est-le-diner-reconfortant-de-mars-que-toute-la-famille-reclame-des-le-premier-soir\/"},"author":{"name":"Ancel Julien","@id":"https:\/\/www.legourmeur.fr\/news\/#\/schema\/person\/59d4a6e593cf933711efd020fef54317"},"headline":"Ce gratin de poireaux au jambon est le d\u00eener r\u00e9confortant de mars que toute la famille r\u00e9clame d\u00e8s le premier soir","datePublished":"2026-03-08T08:24:22+00:00","mainEntityOfPage":{"@id":"https:\/\/www.legourmeur.fr\/news\/ce-gratin-de-poireaux-au-jambon-est-le-diner-reconfortant-de-mars-que-toute-la-famille-reclame-des-le-premier-soir\/"},"wordCount":709,"publisher":{"@id":"https:\/\/www.legourmeur.fr\/news\/#organization"},"image":{"@id":"https:\/\/www.legourmeur.fr\/news\/ce-gratin-de-poireaux-au-jambon-est-le-diner-reconfortant-de-mars-que-toute-la-famille-reclame-des-le-premier-soir\/#primaryimage"},"thumbnailUrl":"https:\/\/www.legourmeur.fr\/news\/wp-content\/uploads\/2026\/03\/news-ce-gratin-de-poireaux-au-jambon-est-le-diner-reconfortant-de-mars-que-toute-la-famille-reclame-des-le-premier-soir-gratin-poireaux-jambon-maison-scaled.webp","keywords":["Plat"],"articleSection":["Recettes"],"inLanguage":"fr-FR"},{"@type":"WebPage","@id":"https:\/\/www.legourmeur.fr\/news\/ce-gratin-de-poireaux-au-jambon-est-le-diner-reconfortant-de-mars-que-toute-la-famille-reclame-des-le-premier-soir\/","url":"https:\/\/www.legourmeur.fr\/news\/ce-gratin-de-poireaux-au-jambon-est-le-diner-reconfortant-de-mars-que-toute-la-famille-reclame-des-le-premier-soir\/","name":"Ce gratin de poireaux au jambon est le d\u00eener r\u00e9confortant de mars que toute la famille r\u00e9clame d\u00e8s le premier soir - Legourmeur Media","isPartOf":{"@id":"https:\/\/www.legourmeur.fr\/news\/#website"},"primaryImageOfPage":{"@id":"https:\/\/www.legourmeur.fr\/news\/ce-gratin-de-poireaux-au-jambon-est-le-diner-reconfortant-de-mars-que-toute-la-famille-reclame-des-le-premier-soir\/#primaryimage"},"image":{"@id":"https:\/\/www.legourmeur.fr\/news\/ce-gratin-de-poireaux-au-jambon-est-le-diner-reconfortant-de-mars-que-toute-la-famille-reclame-des-le-premier-soir\/#primaryimage"},"thumbnailUrl":"https:\/\/www.legourmeur.fr\/news\/wp-content\/uploads\/2026\/03\/news-ce-gratin-de-poireaux-au-jambon-est-le-diner-reconfortant-de-mars-que-toute-la-famille-reclame-des-le-premier-soir-gratin-poireaux-jambon-maison-scaled.webp","datePublished":"2026-03-08T08:24:22+00:00","description":"D\u00e9couvrez le gratin de poireaux au jambon, fondant et gratin\u00e9 au four : un plat familial r\u00e9confortant, parfait pour les soir\u00e9es fra\u00eeches de mars. Savoureux !","breadcrumb":{"@id":"https:\/\/www.legourmeur.fr\/news\/ce-gratin-de-poireaux-au-jambon-est-le-diner-reconfortant-de-mars-que-toute-la-famille-reclame-des-le-premier-soir\/#breadcrumb"},"inLanguage":"fr-FR","potentialAction":[{"@type":"ReadAction","target":["https:\/\/www.legourmeur.fr\/news\/ce-gratin-de-poireaux-au-jambon-est-le-diner-reconfortant-de-mars-que-toute-la-famille-reclame-des-le-premier-soir\/"]}]},{"@type":"ImageObject","inLanguage":"fr-FR","@id":"https:\/\/www.legourmeur.fr\/news\/ce-gratin-de-poireaux-au-jambon-est-le-diner-reconfortant-de-mars-que-toute-la-famille-reclame-des-le-premier-soir\/#primaryimage","url":"https:\/\/www.legourmeur.fr\/news\/wp-content\/uploads\/2026\/03\/news-ce-gratin-de-poireaux-au-jambon-est-le-diner-reconfortant-de-mars-que-toute-la-famille-reclame-des-le-premier-soir-gratin-poireaux-jambon-maison-scaled.webp","contentUrl":"https:\/\/www.legourmeur.fr\/news\/wp-content\/uploads\/2026\/03\/news-ce-gratin-de-poireaux-au-jambon-est-le-diner-reconfortant-de-mars-que-toute-la-famille-reclame-des-le-premier-soir-gratin-poireaux-jambon-maison-scaled.webp","width":1200,"height":675,"caption":"Un gratin de poireaux au jambon tout juste sorti du four, napp\u00e9 d\u2019une b\u00e9chamel onctueuse et l\u00e9g\u00e8rement dor\u00e9, parfait pour un d\u00eener r\u00e9confortant de d\u00e9but de printemps. - Legourmeur.fr \/ Image Illustration"},{"@type":"BreadcrumbList","@id":"https:\/\/www.legourmeur.fr\/news\/ce-gratin-de-poireaux-au-jambon-est-le-diner-reconfortant-de-mars-que-toute-la-famille-reclame-des-le-premier-soir\/#breadcrumb","itemListElement":[{"@type":"ListItem","position":1,"name":"Accueil","item":"https:\/\/www.legourmeur.fr\/news\/"},{"@type":"ListItem","position":2,"name":"Ce gratin de poireaux au jambon est le d\u00eener r\u00e9confortant de mars que toute la famille r\u00e9clame d\u00e8s le premier soir"}]},{"@type":"WebSite","@id":"https:\/\/www.legourmeur.fr\/news\/#website","url":"https:\/\/www.legourmeur.fr\/news\/","name":"Legourmeur","description":"Venez d\u00e9couvrir la France, sa cuisine traditionnelle et ses produits du terroir \u00e0 travers mon tour de France \u00e0 v\u00e9lo.","publisher":{"@id":"https:\/\/www.legourmeur.fr\/news\/#organization"},"potentialAction":[{"@type":"SearchAction","target":{"@type":"EntryPoint","urlTemplate":"https:\/\/www.legourmeur.fr\/news\/?s={search_term_string}"},"query-input":{"@type":"PropertyValueSpecification","valueRequired":true,"valueName":"search_term_string"}}],"inLanguage":"fr-FR"},{"@type":"Organization","@id":"https:\/\/www.legourmeur.fr\/news\/#organization","name":"Snoopli","url":"https:\/\/www.legourmeur.fr\/news\/","logo":{"@type":"ImageObject","inLanguage":"fr-FR","@id":"https:\/\/www.legourmeur.fr\/news\/#\/schema\/logo\/image\/","url":"https:\/\/www.legourmeur.fr\/news\/wp-content\/uploads\/2025\/09\/news.legourmeur.fr-gourmeur-vitro-logo-imp-v1-780x477-gourmeur-vitro-logo-imp-v1-780x477-1-scaled.webp","contentUrl":"https:\/\/www.legourmeur.fr\/news\/wp-content\/uploads\/2025\/09\/news.legourmeur.fr-gourmeur-vitro-logo-imp-v1-780x477-gourmeur-vitro-logo-imp-v1-780x477-1-scaled.webp","width":1200,"height":901,"caption":"Snoopli"},"image":{"@id":"https:\/\/www.legourmeur.fr\/news\/#\/schema\/logo\/image\/"}},{"@type":"Person","@id":"https:\/\/www.legourmeur.fr\/news\/#\/schema\/person\/59d4a6e593cf933711efd020fef54317","name":"Ancel Julien","image":{"@type":"ImageObject","inLanguage":"fr-FR","@id":"https:\/\/www.legourmeur.fr\/news\/#\/schema\/person\/image\/","url":"https:\/\/www.legourmeur.fr\/news\/wp-content\/uploads\/2025\/10\/news-julien-a-picture-julien-a-picture-160x160.jpeg","contentUrl":"https:\/\/www.legourmeur.fr\/news\/wp-content\/uploads\/2025\/10\/news-julien-a-picture-julien-a-picture-160x160.jpeg","caption":"Ancel Julien"},"description":"Julien a h\u00e9rit\u00e9 de son p\u00e8re, cuisinier autodidacte et \u00e9picurien, une passion visc\u00e9rale pour le go\u00fbt juste et l'art de la convivialit\u00e9. Cette passion l'a men\u00e9 au c\u0153ur de l'excellence professionnelle. Aujourd'hui, il met ses comp\u00e9tences digitales au service de son ami Pierre-Louis, l'aidant \u00e0 transmettre le plaisir de son restaurant et le savoir-faire des Meilleurs Ouvriers de France au plus grand nombre. La cr\u00e9ation de Legourmeur.fr est le prolongement naturel de cette mission de partage. En tant qu'entrepreneur Tech de formation, Julien utilise l'Intelligence Artificielle (IA) pour optimiser l'\u00e9criture de ses articles. Cette approche lui permet de transformer rapidement son expertise du terrain (cuisine, cocktails) en contenu riche, cr\u00e9atif et accessible. R\u00e9dacteur curieux, Julien partage recettes et astuces avec un objectif simple : rendre votre quotidien plus gourmand, cr\u00e9atif et convivial.","sameAs":["https:\/\/www.instagram.com\/legourmeur\/","https:\/\/www.linkedin.com\/in\/julienancel\/"],"gender":"Homme","knowsAbout":["R\u00e9daction web"],"knowsLanguage":["Fran\u00e7ais","Anglais"],"jobTitle":"Directeur publication","worksFor":"SAS PL TOURNEUR 1","url":"https:\/\/www.legourmeur.fr\/news\/author\/julien\/"}]}},"_links":{"self":[{"href":"https:\/\/www.legourmeur.fr\/news\/wp-json\/wp\/v2\/posts\/4954","targetHints":{"allow":["GET"]}}],"collection":[{"href":"https:\/\/www.legourmeur.fr\/news\/wp-json\/wp\/v2\/posts"}],"about":[{"href":"https:\/\/www.legourmeur.fr\/news\/wp-json\/wp\/v2\/types\/post"}],"author":[{"embeddable":true,"href":"https:\/\/www.legourmeur.fr\/news\/wp-json\/wp\/v2\/users\/3"}],"replies":[{"embeddable":true,"href":"https:\/\/www.legourmeur.fr\/news\/wp-json\/wp\/v2\/comments?post=4954"}],"version-history":[{"count":2,"href":"https:\/\/www.legourmeur.fr\/news\/wp-json\/wp\/v2\/posts\/4954\/revisions"}],"predecessor-version":[{"id":5008,"href":"https:\/\/www.legourmeur.fr\/news\/wp-json\/wp\/v2\/posts\/4954\/revisions\/5008"}],"wp:featuredmedia":[{"embeddable":true,"href":"https:\/\/www.legourmeur.fr\/news\/wp-json\/wp\/v2\/media\/4962"}],"wp:attachment":[{"href":"https:\/\/www.legourmeur.fr\/news\/wp-json\/wp\/v2\/media?parent=4954"}],"wp:term":[{"taxonomy":"category","embeddable":true,"href":"https:\/\/www.legourmeur.fr\/news\/wp-json\/wp\/v2\/categories?post=4954"},{"taxonomy":"post_tag","embeddable":true,"href":"https:\/\/www.legourmeur.fr\/news\/wp-json\/wp\/v2\/tags?post=4954"}],"curies":[{"name":"wp","href":"https:\/\/api.w.org\/{rel}","templated":true}]}}