{"id":5080,"date":"2026-03-12T18:14:38","date_gmt":"2026-03-12T17:14:38","guid":{"rendered":"https:\/\/www.legourmeur.fr\/news\/?p=5080"},"modified":"2026-03-12T18:14:38","modified_gmt":"2026-03-12T17:14:38","slug":"ce-bowl-de-mars-au-quinoa-et-legumes-rotis-tient-a-la-fois-du-diner-dhiver-et-de-la-premiere-assiette-du-printemps","status":"publish","type":"post","link":"https:\/\/www.legourmeur.fr\/news\/ce-bowl-de-mars-au-quinoa-et-legumes-rotis-tient-a-la-fois-du-diner-dhiver-et-de-la-premiere-assiette-du-printemps\/","title":{"rendered":"Ce bowl de mars au quinoa et l\u00e9gumes r\u00f4tis tient \u00e0 la fois du d\u00eener d&rsquo;hiver et de la premi\u00e8re assiette du printemps"},"content":{"rendered":"\n<h2 class=\"wp-block-heading\" id=\"h-mars-en-cuisine-le-bowl-qui-fait-le-grand-ecart-entre-reconfort-d-hiver-et-vitalite-du-printemps\">Mars en cuisine : le bowl qui fait le grand \u00e9cart entre r\u00e9confort d&rsquo;hiver et vitalit\u00e9 du printemps<\/h2>\n\n\n\n<p>Mars est ce mois \u00e9trange o\u00f9 le manteau reste sur les \u00e9paules mais o\u00f9 le regard cherche d\u00e9j\u00e0 la lumi\u00e8re. La cuisine suit ce mouvement : on veut encore de la chaleur, mais quelque chose de vif, de color\u00e9, d&rsquo;a\u00e9rien. Ce <a href=\"https:\/\/www.legourmeur.fr\/news\/poke-bowl-saumon-mangue\/\">bowl <\/a>r\u00e9pond exactement \u00e0 cette envie de basculement.<\/p>\n\n\n\n<p>Des fleurettes de <a href=\"https:\/\/www.legourmeur.fr\/news\/wp-content\/uploads\/2026\/01\/news-chaleur-douceur-et-petit-frisson-epice-ce-veloute-de-chou-fleur-au-chorizo-va-rendre-vos-soirees-bien-moins-ternes-veloute-chou-fleur-chorizo-scaled.webp\">chou-fleur<\/a> aux <strong>bords brunis<\/strong>, des rondelles de carottes parfum\u00e9es au cumin, une base de quinoa vaporeux et cette sauce au s\u00e9same blanc qui lie tout avec \u00e9l\u00e9gance. C&rsquo;est un d\u00eener complet, v\u00e9g\u00e9tal, g\u00e9n\u00e9reux, que l&rsquo;on pr\u00e9pare sans stress et que l&rsquo;on savoure avec plaisir.<\/p>\n\n\n\n<h2 class=\"wp-block-heading\" id=\"h-ce-qu-il-faut-pour-deux-bols-bien-garnis-avec-les-legumes-qu-on-aime-en-cette-fin-de-saison\">Ce qu&rsquo;il faut pour deux bols bien garnis, avec les l\u00e9gumes qu&rsquo;on aime en cette fin de saison<\/h2>\n\n\n\n<p>Chaque ingr\u00e9dient joue un r\u00f4le pr\u00e9cis ici. Les \u00e9pices donnent du caract\u00e8re aux l\u00e9gumes, le quinoa apporte les prot\u00e9ines v\u00e9g\u00e9tales, et le <strong>tahini cr\u00e9e<\/strong> le lien onctueux entre tous les \u00e9l\u00e9ments de ce bol.<\/p>\n\n\n\n<ul class=\"wp-block-list\">\n<li>150 g de quinoa (blanc, rouge ou m\u00e9lange)<\/li>\n\n\n\n<li>300 g de chou-fleur en fleurettes<\/li>\n\n\n\n<li>300 g de carottes<\/li>\n\n\n\n<li>2 cuill\u00e8res \u00e0 soupe de tahini (pur\u00e9e de s\u00e9same)<\/li>\n\n\n\n<li>Le jus d&rsquo;un demi-citron jaune<\/li>\n\n\n\n<li>3 cuill\u00e8res \u00e0 soupe d&rsquo;huile d&rsquo;olive<\/li>\n\n\n\n<li>1 cuill\u00e8re \u00e0 caf\u00e9 de cumin en poudre<\/li>\n\n\n\n<li>1 cuill\u00e8re \u00e0 caf\u00e9 de paprika fum\u00e9<\/li>\n\n\n\n<li>Quelques brins de coriandre fra\u00eeche ou de persil plat<\/li>\n\n\n\n<li>Sel fin et poivre du moulin<\/li>\n\n\n\n<li>Optionnel : une poign\u00e9e de <strong>graines de courge<\/strong> torr\u00e9fi\u00e9es<\/li>\n<\/ul>\n\n\n\n<p>La fra\u00eecheur des l\u00e9gumes conditionne la r\u00e9ussite de la caram\u00e9lisation. Choisissez un tahini de bonne qualit\u00e9, \u00e0 l&rsquo;ar\u00f4me noisette prononc\u00e9, et sortez le quinoa du r\u00e9frig\u00e9rateur \u00e0 l&rsquo;avance pour faciliter une cuisson homog\u00e8ne.<\/p>\n\n\n\n<h2 class=\"wp-block-heading\" id=\"h-four-a-vif-et-quinoa-nacre-la-double-cuisson-qui-transforme-l-ordinaire-en-festin-vegetal\">Four \u00e0 vif et quinoa nacr\u00e9 : la double cuisson qui transforme l&rsquo;ordinaire en festin v\u00e9g\u00e9tal<\/h2>\n\n\n\n<p>Tout se joue en parall\u00e8le : le four r\u00f4tit les l\u00e9gumes pendant que le quinoa absorbe son eau. Cette simultan\u00e9it\u00e9 est la cl\u00e9 pour servir le bowl \u00e0 la bonne temp\u00e9rature, chaud et <strong>parfaitement vaporeux<\/strong>.<\/p>\n\n\n\n<ol class=\"wp-block-list\">\n<li>Pr\u00e9chauffer le four \u00e0 210 \u00b0C en chaleur tournante. Le quinoa se rince soigneusement \u00e0 l&rsquo;eau froide pour \u00f4ter la saponine. Il rejoint ensuite une casserole avec deux volumes d&rsquo;eau sal\u00e9e.<\/li>\n\n\n\n<li>Laver et \u00e9plucher les carottes, puis les couper en biseau. Le chou-fleur se divise en petites fleurettes d&rsquo;environ 2 cm. Cette taille uniforme garantit une cuisson r\u00e9guli\u00e8re et une belle dorure.<\/li>\n\n\n\n<li>D\u00e9poser les l\u00e9gumes sur une plaque recouverte de papier sulfuris\u00e9. L&rsquo;huile d&rsquo;olive, le cumin, le paprika, le sel et le poivre les enrobent g\u00e9n\u00e9reusement. Une seule couche suffit pour que la chaleur circule bien.<\/li>\n\n\n\n<li>Enfourner la plaque pour 20 \u00e0 25 minutes. Les l\u00e9gumes deviennent tendres au c\u0153ur et leurs bords prennent une belle couleur caram\u00e9lis\u00e9e.<\/li>\n\n\n\n<li>Porter le quinoa \u00e0 \u00e9bullition, puis r\u00e9duire le feu. Il fr\u00e9mit doucement pendant 12 minutes jusqu&rsquo;\u00e0 absorption compl\u00e8te de l&rsquo;eau.<\/li>\n\n\n\n<li>Retirer la casserole du feu et couvrir herm\u00e9tiquement. Les grains reposent 5 minutes : ils deviennent a\u00e9riens, gonfl\u00e9s et parfaitement d\u00e9tach\u00e9s.<\/li>\n\n\n\n<li>Fouetter le tahini avec le jus de citron dans un bol. Le m\u00e9lange \u00e9paissit et p\u00e2lit, c&rsquo;est tout \u00e0 fait normal. Trois cuill\u00e8res \u00e0 soupe d&rsquo;eau ti\u00e8de, ajout\u00e9es une \u00e0 une, donnent une sauce fluide et nappante.<\/li>\n<\/ol>\n\n\n\n<p>\u00c0 ce stade, les deux cuissons se terminent presque au m\u00eame moment. Le quinoa repose, les l\u00e9gumes refroidissent l\u00e9g\u00e8rement. Il ne reste plus qu&rsquo;\u00e0 dresser le bowl.<\/p>\n\n\n\n<h2 class=\"wp-block-heading\" id=\"h-dressez-versez-savourez-la-table-est-prete-pour-un-diner-vegetal-qui-rechauffe-le-coeur\">Dressez, versez, savourez : la table est pr\u00eate pour un d\u00eener v\u00e9g\u00e9tal qui r\u00e9chauffe le c\u0153ur<\/h2>\n\n\n\n<p>Servez ce bowl dans une assiette creuse large ou dans un grand bol en c\u00e9ramique pour garder la chaleur. Disposez d&rsquo;abord le quinoa, puis les l\u00e9gumes en les \u00e9talant l\u00e9g\u00e8rement. Versez la <strong>sauce en filet<\/strong> et terminez par les herbes fra\u00eeches cisel\u00e9es au dernier moment.<\/p>\n\n\n\n<p>La premi\u00e8re bouch\u00e9e m\u00eale le croquant des l\u00e9gumes r\u00f4tis, le fondant du quinoa et la rondeur cr\u00e9meuse de la sauce. Ce bowl se d\u00e9guste chaud, mais il est tout aussi savoureux ti\u00e8de, lors d&rsquo;un d\u00e9jeuner emport\u00e9 ou d&rsquo;un <strong>d\u00eener tranquille<\/strong> en semaine.<\/p>\n","protected":false},"excerpt":{"rendered":"","protected":false},"author":3,"featured_media":5083,"comment_status":"closed","ping_status":"closed","sticky":false,"template":"","format":"standard","meta":{"_acf_changed":false,"footnotes":""},"categories":[10],"tags":[19],"class_list":["post-5080","post","type-post","status-publish","format-standard","has-post-thumbnail","hentry","category-recettes","tag-plat","generate-columns","tablet-grid-50","mobile-grid-100","grid-parent","grid-33"],"acf":[],"yoast_head":"<!-- This site is optimized with the Yoast SEO Premium plugin v22.8 (Yoast SEO v26.0) - https:\/\/yoast.com\/wordpress\/plugins\/seo\/ -->\n<title>Ce bowl de mars au quinoa et l\u00e9gumes r\u00f4tis tient \u00e0 la fois du d\u00eener d&#039;hiver et de la premi\u00e8re assiette du printemps - Legourmeur Media<\/title>\n<meta name=\"description\" content=\"Bowl quinoa l\u00e9gumes r\u00f4tis : une assiette chaude et v\u00e9g\u00e9tale de saison, pr\u00eate en 30 minutes, avec chou-fleur dor\u00e9, carottes et sauce tahini citronn\u00e9e.\" \/>\n<meta name=\"robots\" content=\"index, follow, max-snippet:-1, max-image-preview:large, max-video-preview:-1\" \/>\n<link rel=\"canonical\" href=\"https:\/\/www.legourmeur.fr\/news\/ce-bowl-de-mars-au-quinoa-et-legumes-rotis-tient-a-la-fois-du-diner-dhiver-et-de-la-premiere-assiette-du-printemps\/\" \/>\n<meta property=\"og:locale\" content=\"fr_FR\" \/>\n<meta property=\"og:type\" content=\"article\" \/>\n<meta property=\"og:title\" content=\"Ce bowl de mars au quinoa et l\u00e9gumes r\u00f4tis tient \u00e0 la fois du d\u00eener d&#039;hiver et de la premi\u00e8re assiette du printemps\" \/>\n<meta property=\"og:description\" content=\"La peau dor\u00e9e du chou-fleur qui croque, le quinoa nacr\u00e9 et vaporeux, la sauce au s\u00e9same qui coule en ruban citronn\u00e9 : ce bowl de mars tient chaud sans alourdir. Il r\u00e9unit le meilleur des deux saisons, pr\u00eat en moins de trente minutes, pour deux.\" \/>\n<meta property=\"og:url\" content=\"https:\/\/www.legourmeur.fr\/news\/ce-bowl-de-mars-au-quinoa-et-legumes-rotis-tient-a-la-fois-du-diner-dhiver-et-de-la-premiere-assiette-du-printemps\/\" \/>\n<meta property=\"og:site_name\" content=\"Legourmeur Media\" \/>\n<meta property=\"article:published_time\" content=\"2026-03-12T17:14:38+00:00\" \/>\n<meta property=\"og:image\" content=\"https:\/\/www.legourmeur.fr\/news\/wp-content\/uploads\/2026\/03\/news-ce-bowl-de-mars-au-quinoa-et-legumes-rotis-tient-a-la-fois-du-diner-dhiver-et-de-la-premiere-assiette-du-printemps-bowl-quinoa-legumes-rotis-sauce-tahini-scaled.webp\" \/>\n\t<meta property=\"og:image:width\" content=\"1200\" \/>\n\t<meta property=\"og:image:height\" content=\"675\" \/>\n\t<meta property=\"og:image:type\" content=\"image\/webp\" \/>\n<meta name=\"author\" content=\"Ancel Julien\" \/>\n<meta name=\"twitter:card\" content=\"summary_large_image\" \/>\n<meta name=\"twitter:description\" content=\"La peau dor\u00e9e du chou-fleur qui croque, le quinoa nacr\u00e9 et vaporeux, la sauce au s\u00e9same qui coule en ruban citronn\u00e9 : ce bowl de mars tient chaud sans alourdir. Il r\u00e9unit le meilleur des deux saisons, pr\u00eat en moins de trente minutes, pour deux.\" \/>\n<meta name=\"twitter:label1\" content=\"\u00c9crit par\" \/>\n\t<meta name=\"twitter:data1\" content=\"Ancel Julien\" \/>\n\t<meta name=\"twitter:label2\" content=\"Dur\u00e9e de lecture estim\u00e9e\" \/>\n\t<meta name=\"twitter:data2\" content=\"4 minutes\" \/>\n<script type=\"application\/ld+json\" class=\"yoast-schema-graph\">{\"@context\":\"https:\/\/schema.org\",\"@graph\":[{\"@type\":\"NewsArticle\",\"@id\":\"https:\/\/www.legourmeur.fr\/news\/ce-bowl-de-mars-au-quinoa-et-legumes-rotis-tient-a-la-fois-du-diner-dhiver-et-de-la-premiere-assiette-du-printemps\/#article\",\"isPartOf\":{\"@id\":\"https:\/\/www.legourmeur.fr\/news\/ce-bowl-de-mars-au-quinoa-et-legumes-rotis-tient-a-la-fois-du-diner-dhiver-et-de-la-premiere-assiette-du-printemps\/\"},\"author\":{\"name\":\"Ancel Julien\",\"@id\":\"https:\/\/www.legourmeur.fr\/news\/#\/schema\/person\/59d4a6e593cf933711efd020fef54317\"},\"headline\":\"Ce bowl de mars au quinoa et l\u00e9gumes r\u00f4tis tient \u00e0 la fois du d\u00eener d&rsquo;hiver et de la premi\u00e8re assiette du printemps\",\"datePublished\":\"2026-03-12T17:14:38+00:00\",\"mainEntityOfPage\":{\"@id\":\"https:\/\/www.legourmeur.fr\/news\/ce-bowl-de-mars-au-quinoa-et-legumes-rotis-tient-a-la-fois-du-diner-dhiver-et-de-la-premiere-assiette-du-printemps\/\"},\"wordCount\":769,\"publisher\":{\"@id\":\"https:\/\/www.legourmeur.fr\/news\/#organization\"},\"image\":{\"@id\":\"https:\/\/www.legourmeur.fr\/news\/ce-bowl-de-mars-au-quinoa-et-legumes-rotis-tient-a-la-fois-du-diner-dhiver-et-de-la-premiere-assiette-du-printemps\/#primaryimage\"},\"thumbnailUrl\":\"https:\/\/www.legourmeur.fr\/news\/wp-content\/uploads\/2026\/03\/news-ce-bowl-de-mars-au-quinoa-et-legumes-rotis-tient-a-la-fois-du-diner-dhiver-et-de-la-premiere-assiette-du-printemps-bowl-quinoa-legumes-rotis-sauce-tahini-scaled.webp\",\"keywords\":[\"Plat\"],\"articleSection\":[\"Recettes\"],\"inLanguage\":\"fr-FR\"},{\"@type\":\"WebPage\",\"@id\":\"https:\/\/www.legourmeur.fr\/news\/ce-bowl-de-mars-au-quinoa-et-legumes-rotis-tient-a-la-fois-du-diner-dhiver-et-de-la-premiere-assiette-du-printemps\/\",\"url\":\"https:\/\/www.legourmeur.fr\/news\/ce-bowl-de-mars-au-quinoa-et-legumes-rotis-tient-a-la-fois-du-diner-dhiver-et-de-la-premiere-assiette-du-printemps\/\",\"name\":\"Ce bowl de mars au quinoa et l\u00e9gumes r\u00f4tis tient \u00e0 la fois du d\u00eener d'hiver et de la premi\u00e8re assiette du printemps - Legourmeur Media\",\"isPartOf\":{\"@id\":\"https:\/\/www.legourmeur.fr\/news\/#website\"},\"primaryImageOfPage\":{\"@id\":\"https:\/\/www.legourmeur.fr\/news\/ce-bowl-de-mars-au-quinoa-et-legumes-rotis-tient-a-la-fois-du-diner-dhiver-et-de-la-premiere-assiette-du-printemps\/#primaryimage\"},\"image\":{\"@id\":\"https:\/\/www.legourmeur.fr\/news\/ce-bowl-de-mars-au-quinoa-et-legumes-rotis-tient-a-la-fois-du-diner-dhiver-et-de-la-premiere-assiette-du-printemps\/#primaryimage\"},\"thumbnailUrl\":\"https:\/\/www.legourmeur.fr\/news\/wp-content\/uploads\/2026\/03\/news-ce-bowl-de-mars-au-quinoa-et-legumes-rotis-tient-a-la-fois-du-diner-dhiver-et-de-la-premiere-assiette-du-printemps-bowl-quinoa-legumes-rotis-sauce-tahini-scaled.webp\",\"datePublished\":\"2026-03-12T17:14:38+00:00\",\"description\":\"Bowl quinoa l\u00e9gumes r\u00f4tis : une assiette chaude et v\u00e9g\u00e9tale de saison, pr\u00eate en 30 minutes, avec chou-fleur dor\u00e9, carottes et sauce tahini citronn\u00e9e.\",\"breadcrumb\":{\"@id\":\"https:\/\/www.legourmeur.fr\/news\/ce-bowl-de-mars-au-quinoa-et-legumes-rotis-tient-a-la-fois-du-diner-dhiver-et-de-la-premiere-assiette-du-printemps\/#breadcrumb\"},\"inLanguage\":\"fr-FR\",\"potentialAction\":[{\"@type\":\"ReadAction\",\"target\":[\"https:\/\/www.legourmeur.fr\/news\/ce-bowl-de-mars-au-quinoa-et-legumes-rotis-tient-a-la-fois-du-diner-dhiver-et-de-la-premiere-assiette-du-printemps\/\"]}]},{\"@type\":\"ImageObject\",\"inLanguage\":\"fr-FR\",\"@id\":\"https:\/\/www.legourmeur.fr\/news\/ce-bowl-de-mars-au-quinoa-et-legumes-rotis-tient-a-la-fois-du-diner-dhiver-et-de-la-premiere-assiette-du-printemps\/#primaryimage\",\"url\":\"https:\/\/www.legourmeur.fr\/news\/wp-content\/uploads\/2026\/03\/news-ce-bowl-de-mars-au-quinoa-et-legumes-rotis-tient-a-la-fois-du-diner-dhiver-et-de-la-premiere-assiette-du-printemps-bowl-quinoa-legumes-rotis-sauce-tahini-scaled.webp\",\"contentUrl\":\"https:\/\/www.legourmeur.fr\/news\/wp-content\/uploads\/2026\/03\/news-ce-bowl-de-mars-au-quinoa-et-legumes-rotis-tient-a-la-fois-du-diner-dhiver-et-de-la-premiere-assiette-du-printemps-bowl-quinoa-legumes-rotis-sauce-tahini-scaled.webp\",\"width\":1200,\"height\":675,\"caption\":\"Un bowl v\u00e9g\u00e9tal r\u00e9confortant m\u00ealant quinoa moelleux, chou-fleur dor\u00e9 et carottes r\u00f4ties, relev\u00e9 par une sauce tahini citronn\u00e9e et des herbes fra\u00eeches. - Legourmeur.fr \/ Image Illustration\"},{\"@type\":\"BreadcrumbList\",\"@id\":\"https:\/\/www.legourmeur.fr\/news\/ce-bowl-de-mars-au-quinoa-et-legumes-rotis-tient-a-la-fois-du-diner-dhiver-et-de-la-premiere-assiette-du-printemps\/#breadcrumb\",\"itemListElement\":[{\"@type\":\"ListItem\",\"position\":1,\"name\":\"Accueil\",\"item\":\"https:\/\/www.legourmeur.fr\/news\/\"},{\"@type\":\"ListItem\",\"position\":2,\"name\":\"Ce bowl de mars au quinoa et l\u00e9gumes r\u00f4tis tient \u00e0 la fois du d\u00eener d&rsquo;hiver et de la premi\u00e8re assiette du printemps\"}]},{\"@type\":\"WebSite\",\"@id\":\"https:\/\/www.legourmeur.fr\/news\/#website\",\"url\":\"https:\/\/www.legourmeur.fr\/news\/\",\"name\":\"Legourmeur\",\"description\":\"Venez d\u00e9couvrir la France, sa cuisine traditionnelle et ses produits du terroir \u00e0 travers mon tour de France \u00e0 v\u00e9lo.\",\"publisher\":{\"@id\":\"https:\/\/www.legourmeur.fr\/news\/#organization\"},\"potentialAction\":[{\"@type\":\"SearchAction\",\"target\":{\"@type\":\"EntryPoint\",\"urlTemplate\":\"https:\/\/www.legourmeur.fr\/news\/?s={search_term_string}\"},\"query-input\":{\"@type\":\"PropertyValueSpecification\",\"valueRequired\":true,\"valueName\":\"search_term_string\"}}],\"inLanguage\":\"fr-FR\"},{\"@type\":\"Organization\",\"@id\":\"https:\/\/www.legourmeur.fr\/news\/#organization\",\"name\":\"Snoopli\",\"url\":\"https:\/\/www.legourmeur.fr\/news\/\",\"logo\":{\"@type\":\"ImageObject\",\"inLanguage\":\"fr-FR\",\"@id\":\"https:\/\/www.legourmeur.fr\/news\/#\/schema\/logo\/image\/\",\"url\":\"https:\/\/www.legourmeur.fr\/news\/wp-content\/uploads\/2025\/09\/news.legourmeur.fr-gourmeur-vitro-logo-imp-v1-780x477-gourmeur-vitro-logo-imp-v1-780x477-1-scaled.webp\",\"contentUrl\":\"https:\/\/www.legourmeur.fr\/news\/wp-content\/uploads\/2025\/09\/news.legourmeur.fr-gourmeur-vitro-logo-imp-v1-780x477-gourmeur-vitro-logo-imp-v1-780x477-1-scaled.webp\",\"width\":1200,\"height\":901,\"caption\":\"Snoopli\"},\"image\":{\"@id\":\"https:\/\/www.legourmeur.fr\/news\/#\/schema\/logo\/image\/\"}},{\"@type\":\"Person\",\"@id\":\"https:\/\/www.legourmeur.fr\/news\/#\/schema\/person\/59d4a6e593cf933711efd020fef54317\",\"name\":\"Ancel Julien\",\"image\":{\"@type\":\"ImageObject\",\"inLanguage\":\"fr-FR\",\"@id\":\"https:\/\/www.legourmeur.fr\/news\/#\/schema\/person\/image\/\",\"url\":\"https:\/\/www.legourmeur.fr\/news\/wp-content\/uploads\/2025\/10\/news-julien-a-picture-julien-a-picture-160x160.jpeg\",\"contentUrl\":\"https:\/\/www.legourmeur.fr\/news\/wp-content\/uploads\/2025\/10\/news-julien-a-picture-julien-a-picture-160x160.jpeg\",\"caption\":\"Ancel Julien\"},\"description\":\"Julien a h\u00e9rit\u00e9 de son p\u00e8re, cuisinier autodidacte et \u00e9picurien, une passion visc\u00e9rale pour le go\u00fbt juste et l'art de la convivialit\u00e9. Cette passion l'a men\u00e9 au c\u0153ur de l'excellence professionnelle. Aujourd'hui, il met ses comp\u00e9tences digitales au service de son ami Pierre-Louis, l'aidant \u00e0 transmettre le plaisir de son restaurant et le savoir-faire des Meilleurs Ouvriers de France au plus grand nombre. La cr\u00e9ation de Legourmeur.fr est le prolongement naturel de cette mission de partage. En tant qu'entrepreneur Tech de formation, Julien utilise l'Intelligence Artificielle (IA) pour optimiser l'\u00e9criture de ses articles. Cette approche lui permet de transformer rapidement son expertise du terrain (cuisine, cocktails) en contenu riche, cr\u00e9atif et accessible. R\u00e9dacteur curieux, Julien partage recettes et astuces avec un objectif simple : rendre votre quotidien plus gourmand, cr\u00e9atif et convivial.\",\"sameAs\":[\"https:\/\/www.instagram.com\/legourmeur\/\",\"https:\/\/www.linkedin.com\/in\/julienancel\/\"],\"gender\":\"Homme\",\"knowsAbout\":[\"R\u00e9daction web\"],\"knowsLanguage\":[\"Fran\u00e7ais\",\"Anglais\"],\"jobTitle\":\"Directeur publication\",\"worksFor\":\"SAS PL TOURNEUR 1\",\"url\":\"https:\/\/www.legourmeur.fr\/news\/author\/julien\/\"}]}<\/script>\n<!-- \/ Yoast SEO Premium plugin. -->","yoast_head_json":{"title":"Ce bowl de mars au quinoa et l\u00e9gumes r\u00f4tis tient \u00e0 la fois du d\u00eener d'hiver et de la premi\u00e8re assiette du printemps - Legourmeur Media","description":"Bowl quinoa l\u00e9gumes r\u00f4tis : une assiette chaude et v\u00e9g\u00e9tale de saison, pr\u00eate en 30 minutes, avec chou-fleur dor\u00e9, carottes et sauce tahini citronn\u00e9e.","robots":{"index":"index","follow":"follow","max-snippet":"max-snippet:-1","max-image-preview":"max-image-preview:large","max-video-preview":"max-video-preview:-1"},"canonical":"https:\/\/www.legourmeur.fr\/news\/ce-bowl-de-mars-au-quinoa-et-legumes-rotis-tient-a-la-fois-du-diner-dhiver-et-de-la-premiere-assiette-du-printemps\/","og_locale":"fr_FR","og_type":"article","og_title":"Ce bowl de mars au quinoa et l\u00e9gumes r\u00f4tis tient \u00e0 la fois du d\u00eener d'hiver et de la premi\u00e8re assiette du printemps","og_description":"La peau dor\u00e9e du chou-fleur qui croque, le quinoa nacr\u00e9 et vaporeux, la sauce au s\u00e9same qui coule en ruban citronn\u00e9 : ce bowl de mars tient chaud sans alourdir. Il r\u00e9unit le meilleur des deux saisons, pr\u00eat en moins de trente minutes, pour deux.","og_url":"https:\/\/www.legourmeur.fr\/news\/ce-bowl-de-mars-au-quinoa-et-legumes-rotis-tient-a-la-fois-du-diner-dhiver-et-de-la-premiere-assiette-du-printemps\/","og_site_name":"Legourmeur Media","article_published_time":"2026-03-12T17:14:38+00:00","og_image":[{"width":1200,"height":675,"url":"https:\/\/www.legourmeur.fr\/news\/wp-content\/uploads\/2026\/03\/news-ce-bowl-de-mars-au-quinoa-et-legumes-rotis-tient-a-la-fois-du-diner-dhiver-et-de-la-premiere-assiette-du-printemps-bowl-quinoa-legumes-rotis-sauce-tahini-scaled.webp","type":"image\/webp"}],"author":"Ancel Julien","twitter_card":"summary_large_image","twitter_description":"La peau dor\u00e9e du chou-fleur qui croque, le quinoa nacr\u00e9 et vaporeux, la sauce au s\u00e9same qui coule en ruban citronn\u00e9 : ce bowl de mars tient chaud sans alourdir. Il r\u00e9unit le meilleur des deux saisons, pr\u00eat en moins de trente minutes, pour deux.","twitter_misc":{"\u00c9crit par":"Ancel Julien","Dur\u00e9e de lecture estim\u00e9e":"4 minutes"},"schema":{"@context":"https:\/\/schema.org","@graph":[{"@type":"NewsArticle","@id":"https:\/\/www.legourmeur.fr\/news\/ce-bowl-de-mars-au-quinoa-et-legumes-rotis-tient-a-la-fois-du-diner-dhiver-et-de-la-premiere-assiette-du-printemps\/#article","isPartOf":{"@id":"https:\/\/www.legourmeur.fr\/news\/ce-bowl-de-mars-au-quinoa-et-legumes-rotis-tient-a-la-fois-du-diner-dhiver-et-de-la-premiere-assiette-du-printemps\/"},"author":{"name":"Ancel Julien","@id":"https:\/\/www.legourmeur.fr\/news\/#\/schema\/person\/59d4a6e593cf933711efd020fef54317"},"headline":"Ce bowl de mars au quinoa et l\u00e9gumes r\u00f4tis tient \u00e0 la fois du d\u00eener d&rsquo;hiver et de la premi\u00e8re assiette du printemps","datePublished":"2026-03-12T17:14:38+00:00","mainEntityOfPage":{"@id":"https:\/\/www.legourmeur.fr\/news\/ce-bowl-de-mars-au-quinoa-et-legumes-rotis-tient-a-la-fois-du-diner-dhiver-et-de-la-premiere-assiette-du-printemps\/"},"wordCount":769,"publisher":{"@id":"https:\/\/www.legourmeur.fr\/news\/#organization"},"image":{"@id":"https:\/\/www.legourmeur.fr\/news\/ce-bowl-de-mars-au-quinoa-et-legumes-rotis-tient-a-la-fois-du-diner-dhiver-et-de-la-premiere-assiette-du-printemps\/#primaryimage"},"thumbnailUrl":"https:\/\/www.legourmeur.fr\/news\/wp-content\/uploads\/2026\/03\/news-ce-bowl-de-mars-au-quinoa-et-legumes-rotis-tient-a-la-fois-du-diner-dhiver-et-de-la-premiere-assiette-du-printemps-bowl-quinoa-legumes-rotis-sauce-tahini-scaled.webp","keywords":["Plat"],"articleSection":["Recettes"],"inLanguage":"fr-FR"},{"@type":"WebPage","@id":"https:\/\/www.legourmeur.fr\/news\/ce-bowl-de-mars-au-quinoa-et-legumes-rotis-tient-a-la-fois-du-diner-dhiver-et-de-la-premiere-assiette-du-printemps\/","url":"https:\/\/www.legourmeur.fr\/news\/ce-bowl-de-mars-au-quinoa-et-legumes-rotis-tient-a-la-fois-du-diner-dhiver-et-de-la-premiere-assiette-du-printemps\/","name":"Ce bowl de mars au quinoa et l\u00e9gumes r\u00f4tis tient \u00e0 la fois du d\u00eener d'hiver et de la premi\u00e8re assiette du printemps - Legourmeur Media","isPartOf":{"@id":"https:\/\/www.legourmeur.fr\/news\/#website"},"primaryImageOfPage":{"@id":"https:\/\/www.legourmeur.fr\/news\/ce-bowl-de-mars-au-quinoa-et-legumes-rotis-tient-a-la-fois-du-diner-dhiver-et-de-la-premiere-assiette-du-printemps\/#primaryimage"},"image":{"@id":"https:\/\/www.legourmeur.fr\/news\/ce-bowl-de-mars-au-quinoa-et-legumes-rotis-tient-a-la-fois-du-diner-dhiver-et-de-la-premiere-assiette-du-printemps\/#primaryimage"},"thumbnailUrl":"https:\/\/www.legourmeur.fr\/news\/wp-content\/uploads\/2026\/03\/news-ce-bowl-de-mars-au-quinoa-et-legumes-rotis-tient-a-la-fois-du-diner-dhiver-et-de-la-premiere-assiette-du-printemps-bowl-quinoa-legumes-rotis-sauce-tahini-scaled.webp","datePublished":"2026-03-12T17:14:38+00:00","description":"Bowl quinoa l\u00e9gumes r\u00f4tis : une assiette chaude et v\u00e9g\u00e9tale de saison, pr\u00eate en 30 minutes, avec chou-fleur dor\u00e9, carottes et sauce tahini citronn\u00e9e.","breadcrumb":{"@id":"https:\/\/www.legourmeur.fr\/news\/ce-bowl-de-mars-au-quinoa-et-legumes-rotis-tient-a-la-fois-du-diner-dhiver-et-de-la-premiere-assiette-du-printemps\/#breadcrumb"},"inLanguage":"fr-FR","potentialAction":[{"@type":"ReadAction","target":["https:\/\/www.legourmeur.fr\/news\/ce-bowl-de-mars-au-quinoa-et-legumes-rotis-tient-a-la-fois-du-diner-dhiver-et-de-la-premiere-assiette-du-printemps\/"]}]},{"@type":"ImageObject","inLanguage":"fr-FR","@id":"https:\/\/www.legourmeur.fr\/news\/ce-bowl-de-mars-au-quinoa-et-legumes-rotis-tient-a-la-fois-du-diner-dhiver-et-de-la-premiere-assiette-du-printemps\/#primaryimage","url":"https:\/\/www.legourmeur.fr\/news\/wp-content\/uploads\/2026\/03\/news-ce-bowl-de-mars-au-quinoa-et-legumes-rotis-tient-a-la-fois-du-diner-dhiver-et-de-la-premiere-assiette-du-printemps-bowl-quinoa-legumes-rotis-sauce-tahini-scaled.webp","contentUrl":"https:\/\/www.legourmeur.fr\/news\/wp-content\/uploads\/2026\/03\/news-ce-bowl-de-mars-au-quinoa-et-legumes-rotis-tient-a-la-fois-du-diner-dhiver-et-de-la-premiere-assiette-du-printemps-bowl-quinoa-legumes-rotis-sauce-tahini-scaled.webp","width":1200,"height":675,"caption":"Un bowl v\u00e9g\u00e9tal r\u00e9confortant m\u00ealant quinoa moelleux, chou-fleur dor\u00e9 et carottes r\u00f4ties, relev\u00e9 par une sauce tahini citronn\u00e9e et des herbes fra\u00eeches. - Legourmeur.fr \/ Image Illustration"},{"@type":"BreadcrumbList","@id":"https:\/\/www.legourmeur.fr\/news\/ce-bowl-de-mars-au-quinoa-et-legumes-rotis-tient-a-la-fois-du-diner-dhiver-et-de-la-premiere-assiette-du-printemps\/#breadcrumb","itemListElement":[{"@type":"ListItem","position":1,"name":"Accueil","item":"https:\/\/www.legourmeur.fr\/news\/"},{"@type":"ListItem","position":2,"name":"Ce bowl de mars au quinoa et l\u00e9gumes r\u00f4tis tient \u00e0 la fois du d\u00eener d&rsquo;hiver et de la premi\u00e8re assiette du printemps"}]},{"@type":"WebSite","@id":"https:\/\/www.legourmeur.fr\/news\/#website","url":"https:\/\/www.legourmeur.fr\/news\/","name":"Legourmeur","description":"Venez d\u00e9couvrir la France, sa cuisine traditionnelle et ses produits du terroir \u00e0 travers mon tour de France \u00e0 v\u00e9lo.","publisher":{"@id":"https:\/\/www.legourmeur.fr\/news\/#organization"},"potentialAction":[{"@type":"SearchAction","target":{"@type":"EntryPoint","urlTemplate":"https:\/\/www.legourmeur.fr\/news\/?s={search_term_string}"},"query-input":{"@type":"PropertyValueSpecification","valueRequired":true,"valueName":"search_term_string"}}],"inLanguage":"fr-FR"},{"@type":"Organization","@id":"https:\/\/www.legourmeur.fr\/news\/#organization","name":"Snoopli","url":"https:\/\/www.legourmeur.fr\/news\/","logo":{"@type":"ImageObject","inLanguage":"fr-FR","@id":"https:\/\/www.legourmeur.fr\/news\/#\/schema\/logo\/image\/","url":"https:\/\/www.legourmeur.fr\/news\/wp-content\/uploads\/2025\/09\/news.legourmeur.fr-gourmeur-vitro-logo-imp-v1-780x477-gourmeur-vitro-logo-imp-v1-780x477-1-scaled.webp","contentUrl":"https:\/\/www.legourmeur.fr\/news\/wp-content\/uploads\/2025\/09\/news.legourmeur.fr-gourmeur-vitro-logo-imp-v1-780x477-gourmeur-vitro-logo-imp-v1-780x477-1-scaled.webp","width":1200,"height":901,"caption":"Snoopli"},"image":{"@id":"https:\/\/www.legourmeur.fr\/news\/#\/schema\/logo\/image\/"}},{"@type":"Person","@id":"https:\/\/www.legourmeur.fr\/news\/#\/schema\/person\/59d4a6e593cf933711efd020fef54317","name":"Ancel Julien","image":{"@type":"ImageObject","inLanguage":"fr-FR","@id":"https:\/\/www.legourmeur.fr\/news\/#\/schema\/person\/image\/","url":"https:\/\/www.legourmeur.fr\/news\/wp-content\/uploads\/2025\/10\/news-julien-a-picture-julien-a-picture-160x160.jpeg","contentUrl":"https:\/\/www.legourmeur.fr\/news\/wp-content\/uploads\/2025\/10\/news-julien-a-picture-julien-a-picture-160x160.jpeg","caption":"Ancel Julien"},"description":"Julien a h\u00e9rit\u00e9 de son p\u00e8re, cuisinier autodidacte et \u00e9picurien, une passion visc\u00e9rale pour le go\u00fbt juste et l'art de la convivialit\u00e9. Cette passion l'a men\u00e9 au c\u0153ur de l'excellence professionnelle. Aujourd'hui, il met ses comp\u00e9tences digitales au service de son ami Pierre-Louis, l'aidant \u00e0 transmettre le plaisir de son restaurant et le savoir-faire des Meilleurs Ouvriers de France au plus grand nombre. La cr\u00e9ation de Legourmeur.fr est le prolongement naturel de cette mission de partage. En tant qu'entrepreneur Tech de formation, Julien utilise l'Intelligence Artificielle (IA) pour optimiser l'\u00e9criture de ses articles. Cette approche lui permet de transformer rapidement son expertise du terrain (cuisine, cocktails) en contenu riche, cr\u00e9atif et accessible. R\u00e9dacteur curieux, Julien partage recettes et astuces avec un objectif simple : rendre votre quotidien plus gourmand, cr\u00e9atif et convivial.","sameAs":["https:\/\/www.instagram.com\/legourmeur\/","https:\/\/www.linkedin.com\/in\/julienancel\/"],"gender":"Homme","knowsAbout":["R\u00e9daction web"],"knowsLanguage":["Fran\u00e7ais","Anglais"],"jobTitle":"Directeur publication","worksFor":"SAS PL TOURNEUR 1","url":"https:\/\/www.legourmeur.fr\/news\/author\/julien\/"}]}},"_links":{"self":[{"href":"https:\/\/www.legourmeur.fr\/news\/wp-json\/wp\/v2\/posts\/5080","targetHints":{"allow":["GET"]}}],"collection":[{"href":"https:\/\/www.legourmeur.fr\/news\/wp-json\/wp\/v2\/posts"}],"about":[{"href":"https:\/\/www.legourmeur.fr\/news\/wp-json\/wp\/v2\/types\/post"}],"author":[{"embeddable":true,"href":"https:\/\/www.legourmeur.fr\/news\/wp-json\/wp\/v2\/users\/3"}],"replies":[{"embeddable":true,"href":"https:\/\/www.legourmeur.fr\/news\/wp-json\/wp\/v2\/comments?post=5080"}],"version-history":[{"count":3,"href":"https:\/\/www.legourmeur.fr\/news\/wp-json\/wp\/v2\/posts\/5080\/revisions"}],"predecessor-version":[{"id":5089,"href":"https:\/\/www.legourmeur.fr\/news\/wp-json\/wp\/v2\/posts\/5080\/revisions\/5089"}],"wp:featuredmedia":[{"embeddable":true,"href":"https:\/\/www.legourmeur.fr\/news\/wp-json\/wp\/v2\/media\/5083"}],"wp:attachment":[{"href":"https:\/\/www.legourmeur.fr\/news\/wp-json\/wp\/v2\/media?parent=5080"}],"wp:term":[{"taxonomy":"category","embeddable":true,"href":"https:\/\/www.legourmeur.fr\/news\/wp-json\/wp\/v2\/categories?post=5080"},{"taxonomy":"post_tag","embeddable":true,"href":"https:\/\/www.legourmeur.fr\/news\/wp-json\/wp\/v2\/tags?post=5080"}],"curies":[{"name":"wp","href":"https:\/\/api.w.org\/{rel}","templated":true}]}}